{"id":24533,"date":"2014-07-24T00:01:00","date_gmt":"2014-07-23T22:01:00","guid":{"rendered":"https:\/\/escale-bleue.fr\/2014\/07\/24\/escale-bleue-label-entreprise-du-patrimoine-vivant\/"},"modified":"2026-03-24T18:53:31","modified_gmt":"2026-03-24T16:53:31","slug":"escale-bleue-label-entreprise-du-patrimoine-vivant","status":"publish","type":"post","link":"https:\/\/escale-bleue.fr\/de\/2014\/07\/24\/escale-bleue-label-entreprise-du-patrimoine-vivant\/","title":{"rendered":"Escale Bleue: Unternehmen des lebendigen Kulturerbes"},"content":{"rendered":"<div class=\"fusion-fullwidth fullwidth-box fusion-builder-row-1 hundred-percent-fullwidth non-hundred-percent-height-scrolling\" style=\"--awb-border-radius-top-left:0px;--awb-border-radius-top-right:0px;--awb-border-radius-bottom-right:0px;--awb-border-radius-bottom-left:0px;--awb-padding-top:0px;--awb-padding-right:0px;--awb-padding-bottom:0px;--awb-padding-left:0px;--awb-flex-wrap:wrap;\" ><div class=\"fusion-builder-row fusion-row\"><div class=\"fusion-layout-column fusion_builder_column fusion-builder-column-0 fusion_builder_column_1_1 1_1 fusion-one-full fusion-column-first fusion-column-last\" style=\"--awb-bg-size:cover;--awb-margin-top:0px;--awb-margin-bottom:0px;\"><div class=\"fusion-column-wrapper fusion-flex-column-wrapper-legacy\"><link rel=\"stylesheet\" href=\"https:\/\/escale-bleue.fr\/wp-content\/uploads\/recipe-style.css?v=6\">\n<link rel=\"stylesheet\" href=\"https:\/\/cdnjs.cloudflare.com\/ajax\/libs\/font-awesome\/6.5.1\/css\/all.min.css\"><div class=\"fusion-clearfix\"><\/div><\/div><\/div><\/div><\/div>\n<div class=\"fusion-fullwidth fullwidth-box fusion-builder-row-2 hundred-percent-fullwidth non-hundred-percent-height-scrolling\" style=\"--awb-border-radius-top-left:0px;--awb-border-radius-top-right:0px;--awb-border-radius-bottom-right:0px;--awb-border-radius-bottom-left:0px;--awb-padding-top:0px;--awb-padding-right:0px;--awb-padding-bottom:0px;--awb-padding-left:0px;--awb-flex-wrap:wrap;\" ><div class=\"fusion-builder-row fusion-row\"><div class=\"fusion-layout-column fusion_builder_column fusion-builder-column-1 fusion_builder_column_1_1 1_1 fusion-one-full fusion-column-first fusion-column-last\" style=\"--awb-bg-size:cover;--awb-margin-top:0px;--awb-margin-bottom:0px;\"><div class=\"fusion-column-wrapper fusion-flex-column-wrapper-legacy\"><div class=\"fusion-text fusion-text-1\"><div class=\"recipe-header\">\n<div class=\"recipe-header-content\">\n<div class=\"recipe-category animate animate-delay-1\">Auszeichnung<\/div>\n<h1 class=\"recipe-title animate animate-delay-2\">Escale Bleue ausgezeichnet<br \/>Unternehmen des lebendigen Kulturerbes<\/h1>\n<p class=\"recipe-subtitle animate animate-delay-3\">Staatliches Label \u2014 Handwerkliches Spitzen-Know-how<\/p>\n<div class=\"social-icons animate animate-delay-4\"><a href=\"https:\/\/www.facebook.com\/Escalebleue\" target=\"_blank\" class=\"social-icon\" title=\"Facebook\"><i class=\"fab fa-facebook-f\"><\/i><\/a><a href=\"https:\/\/www.instagram.com\/escalebleue\/\" target=\"_blank\" class=\"social-icon\" title=\"Instagram\"><i class=\"fab fa-instagram\"><\/i><\/a><\/div>\n<\/p>\n<\/div>\n<\/div>\n<\/div><div class=\"fusion-clearfix\"><\/div><\/div><\/div><\/div><\/div>\n<div class=\"fusion-fullwidth fullwidth-box fusion-builder-row-3 hundred-percent-fullwidth non-hundred-percent-height-scrolling\" style=\"--awb-border-radius-top-left:0px;--awb-border-radius-top-right:0px;--awb-border-radius-bottom-right:0px;--awb-border-radius-bottom-left:0px;--awb-padding-top:0px;--awb-padding-right:0px;--awb-padding-bottom:0px;--awb-padding-left:0px;--awb-flex-wrap:wrap;\" ><div class=\"fusion-builder-row fusion-row\"><div class=\"fusion-layout-column fusion_builder_column fusion-builder-column-2 fusion_builder_column_1_1 1_1 fusion-one-full fusion-column-first fusion-column-last\" style=\"--awb-bg-size:cover;--awb-margin-top:0px;--awb-margin-bottom:0px;\"><div class=\"fusion-column-wrapper fusion-flex-column-wrapper-legacy\"><div class=\"fusion-text fusion-text-2\"><div class=\"recipe-intro reveal\">\n<div class=\"recipe-intro-text\">\n<p>Die Nachricht kam heute Morgen: <strong>Escale Bleue<\/strong> wird zu einem der ersten Unternehmen aus La R\u00e9union, das das Label <strong><a href=\"http:\/\/www.patrimoine-vivant.com\/fr\/showcompany\/4432\" target=\"_blank\">Unternehmen des lebendigen Kulturerbes<\/a><\/strong> erh\u00e4lt \u2013 ein staatliches Anerkennungszeichen, das seit 2005 vergeben wird, um franz\u00f6sische Unternehmen mit handwerklichem und industriellem Spitzen-Know-how auszuzeichnen.<\/p>\n<\/p>\n<\/div>\n<div class=\"recipe-intro-image\">\n        <img decoding=\"async\" src=\"http:\/\/escale-bleue.fr\/wp-content\/uploads\/2014\/07\/epv-entreprise-patrimoine-vivant-escale-bleue.jpg\" alt=\"Escale Bleue ausgezeichnet als Unternehmen des lebendigen Kulturerbes\">\n    <\/div>\n<\/div>\n<\/div><div class=\"fusion-clearfix\"><\/div><\/div><\/div><\/div><\/div>\n<p><!-- \u2550\u2550\u2550\u2550\u2550\u2550\u2550 SECTION 01 : Le label EPV \u2550\u2550\u2550\u2550\u2550\u2550\u2550 --><\/p>\n<div class=\"fusion-fullwidth fullwidth-box fusion-builder-row-4 hundred-percent-fullwidth non-hundred-percent-height-scrolling\" style=\"--awb-border-radius-top-left:0px;--awb-border-radius-top-right:0px;--awb-border-radius-bottom-right:0px;--awb-border-radius-bottom-left:0px;--awb-padding-top:0px;--awb-padding-right:0px;--awb-padding-bottom:0px;--awb-padding-left:0px;--awb-flex-wrap:wrap;\" ><div class=\"fusion-builder-row fusion-row\"><div class=\"fusion-layout-column fusion_builder_column fusion-builder-column-3 fusion_builder_column_1_1 1_1 fusion-one-full fusion-column-first fusion-column-last\" style=\"--awb-bg-size:cover;--awb-margin-top:0px;--awb-margin-bottom:0px;\"><div class=\"fusion-column-wrapper fusion-flex-column-wrapper-legacy\"><div class=\"fusion-text fusion-text-3\"><div class=\"recipe-section reveal\">\n<div class=\"section-header\">\n<div class=\"section-number\">01<\/div>\n<h2 class=\"section-title\">Das EPV-Label<\/h2>\n<div class=\"section-divider\"><\/div>\n<\/p>\n<\/div>\n<div class=\"recipe-columns\">\n<div class=\"method-content\" style=\"flex:1;\">\n<p>Das Label <strong>Unternehmen des lebendigen Kulturerbes<\/strong> wurde durch das Gesetz zur F\u00f6rderung von KMU vom 2. August 2005 (Artikel 23) geschaffen und wird Unternehmen verliehen, die f\u00fcr ihre Region beispielhaft sind, h\u00f6chste Leistungsf\u00e4higkeit in ihrem Handwerk und ihren Produkten anstreben und \u00fcber ein wirtschaftliches Erbe verf\u00fcgen, das aus einem <strong>seltenen und renommierten Know-how<\/strong> besteht und auf der Beherrschung hochkomplexer Techniken beruht.<\/p>\n<\/p>\n<\/div>\n<\/div>\n<\/div>\n<\/div><div class=\"fusion-clearfix\"><\/div><\/div><\/div><\/div><\/div>\n<p><!-- \u2550\u2550\u2550\u2550\u2550\u2550\u2550 SECTION 02 : Une s\u00e9lection minutieuse \u2550\u2550\u2550\u2550\u2550\u2550\u2550 --><\/p>\n<div class=\"fusion-fullwidth fullwidth-box fusion-builder-row-5 hundred-percent-fullwidth non-hundred-percent-height-scrolling\" style=\"--awb-border-radius-top-left:0px;--awb-border-radius-top-right:0px;--awb-border-radius-bottom-right:0px;--awb-border-radius-bottom-left:0px;--awb-padding-top:0px;--awb-padding-right:0px;--awb-padding-bottom:0px;--awb-padding-left:0px;--awb-flex-wrap:wrap;\" ><div class=\"fusion-builder-row fusion-row\"><div class=\"fusion-layout-column fusion_builder_column fusion-builder-column-4 fusion_builder_column_1_1 1_1 fusion-one-full fusion-column-first fusion-column-last\" style=\"--awb-bg-size:cover;--awb-margin-top:0px;--awb-margin-bottom:0px;\"><div class=\"fusion-column-wrapper fusion-flex-column-wrapper-legacy\"><div class=\"fusion-text fusion-text-4\"><div class=\"recipe-section reveal\">\n<div class=\"section-header\">\n<div class=\"section-number\">02<\/div>\n<h2 class=\"section-title\">Eine sorgf\u00e4ltige Auswahl<\/h2>\n<div class=\"section-divider\"><\/div>\n<\/p>\n<\/div>\n<div class=\"recipe-columns\">\n<div class=\"method-content\" style=\"flex:1;\">\n<p>Das Verfahren zur Vergabe des EPV-Labels wird von Experten durchgef\u00fchrt und einer unabh\u00e4ngigen nationalen Kommission anvertraut. Einholung von Stellungnahmen bei den regionalen staatlichen Stellen und den zust\u00e4ndigen Kammern, Erstellung eines Pr\u00fcfberichts, Unternehmensbesuche durch Fachexperten, Pr\u00fcfung durch die nationale Kommission und endg\u00fcltige Entscheidung des Ministers: Der Auswahlprozess f\u00fcr das Label <strong>Unternehmen des lebendigen Kulturerbes<\/strong> soll ihre Exzellenz gew\u00e4hrleisten.<\/p>\n<\/p>\n<\/div>\n<\/div>\n<\/div>\n<\/div><div class=\"fusion-clearfix\"><\/div><\/div><\/div><\/div><\/div>\n<p><!-- \u2550\u2550\u2550\u2550\u2550\u2550\u2550 SECTION 03 : L'innovation r\u00e9compens\u00e9e \u2550\u2550\u2550\u2550\u2550\u2550\u2550 --><\/p>\n<div class=\"fusion-fullwidth fullwidth-box fusion-builder-row-6 hundred-percent-fullwidth non-hundred-percent-height-scrolling\" style=\"--awb-border-radius-top-left:0px;--awb-border-radius-top-right:0px;--awb-border-radius-bottom-right:0px;--awb-border-radius-bottom-left:0px;--awb-padding-top:0px;--awb-padding-right:0px;--awb-padding-bottom:0px;--awb-padding-left:0px;--awb-flex-wrap:wrap;\" ><div class=\"fusion-builder-row fusion-row\"><div class=\"fusion-layout-column fusion_builder_column fusion-builder-column-5 fusion_builder_column_1_1 1_1 fusion-one-full fusion-column-first fusion-column-last\" style=\"--awb-bg-size:cover;--awb-margin-top:0px;--awb-margin-bottom:0px;\"><div class=\"fusion-column-wrapper fusion-flex-column-wrapper-legacy\"><div class=\"fusion-text fusion-text-5\"><div class=\"recipe-section reveal\">\n<div class=\"section-header\">\n<div class=\"section-number\">03<\/div>\n<h2 class=\"section-title\">Innovation ausgezeichnet<\/h2>\n<div class=\"section-divider\"><\/div>\n<\/p>\n<\/div>\n<div class=\"recipe-columns\">\n<div class=\"method-content\" style=\"flex:1;\">\n<p>Als Grundpfeiler f\u00fcr den Erhalt dieses Labels erh\u00e4lt die <strong><a href=\"https:\/\/escale-bleue.fr\/de\/quest-ce-que-la-vanille-bleue\/\">Vanille Bleue<\/a><\/strong> heute ihre erste offizielle Anerkennung.<\/p>\n<p>\u00dcber mehr als 30 Jahre entwickelt und perfektioniert, auf ausgew\u00e4hlten Messen pr\u00e4sentiert und schlie\u00dflich 2013 in gro\u00dfem Ma\u00dfstab vermarktet, revolutioniert die Vanille Bleue den Sektor der Vanilleverarbeitung, der sich seit \u00fcber zwei Jahrhunderten nicht weiterentwickeln konnte.<\/p>\n<p>Im Gegensatz zu getrockneten Vanillesorten erfordert die Vanille Bleue einen dreimal so intensiven Vorbereitungsaufwand f\u00fcr ein au\u00dfergew\u00f6hnliches Ergebnis. Sie will der Vanille aus La R\u00e9union eine neue Identit\u00e4t geben und dieses neue Label nutzen, um ihren Ruf weiter zu festigen.<\/p>\n<div style=\"text-align:center;margin:20px 0;\">\n                <img decoding=\"async\" src=\"http:\/\/escale-bleue.fr\/wp-content\/uploads\/2014\/04\/05.jpg\" alt=\"Vanille Bleue \u2014 Escale Bleue Unternehmen des lebendigen Kulturerbes\" style=\"display:inline-block;max-width:50%;\">\n            <\/div>\n<\/p>\n<\/div>\n<\/div>\n<\/div>\n<\/div><div class=\"fusion-clearfix\"><\/div><\/div><\/div><\/div><\/div>\n<p><!-- \u2550\u2550\u2550\u2550\u2550\u2550\u2550 SECTION 04 : Savoir-faire reconnu \u2550\u2550\u2550\u2550\u2550\u2550\u2550 --><\/p>\n<div class=\"fusion-fullwidth fullwidth-box fusion-builder-row-7 hundred-percent-fullwidth non-hundred-percent-height-scrolling\" style=\"--awb-border-radius-top-left:0px;--awb-border-radius-top-right:0px;--awb-border-radius-bottom-right:0px;--awb-border-radius-bottom-left:0px;--awb-padding-top:0px;--awb-padding-right:0px;--awb-padding-bottom:0px;--awb-padding-left:0px;--awb-flex-wrap:wrap;\" ><div class=\"fusion-builder-row fusion-row\"><div class=\"fusion-layout-column fusion_builder_column fusion-builder-column-6 fusion_builder_column_1_1 1_1 fusion-one-full fusion-column-first fusion-column-last\" style=\"--awb-bg-size:cover;--awb-margin-top:0px;--awb-margin-bottom:0px;\"><div class=\"fusion-column-wrapper fusion-flex-column-wrapper-legacy\"><div class=\"fusion-text fusion-text-6\"><div class=\"recipe-section reveal\">\n<div class=\"section-header\">\n<div class=\"section-number\">04<\/div>\n<h2 class=\"section-title\">Vanille: ein Know-how, das endlich als lebendiges Kulturerbe anerkannt wird<\/h2>\n<div class=\"section-divider\"><\/div>\n<\/p>\n<\/div>\n<div class=\"recipe-columns\">\n<div class=\"method-content\" style=\"flex:1;\">\n<p>Nachdem Escale Bleue jahrelang f\u00fcr die Einf\u00fchrung einer <strong>AOC<\/strong> f\u00fcr Vanille aus La R\u00e9union gek\u00e4mpft hat, die auch 10 Jahre sp\u00e4ter noch immer nicht zustande gekommen ist, und nachdem das Unternehmen aktiv an Studien zur Entwicklung der <strong>Vanillebranche<\/strong> auf La R\u00e9union mitgewirkt hat, begr\u00fc\u00dft Escale Bleue die staatliche Anerkennung f\u00fcr eine emblematische Branche von La R\u00e9union, die zwar seit den 1920er-Jahren r\u00fcckl\u00e4ufig ist, in ihrer Qualit\u00e4t jedoch ungebrochen bleibt und sogar wieder an Glanz gewinnt.<\/p>\n<p>Dieses Label beweist, dass die Vanilleverarbeitung ein <strong>Kunsthandwerk<\/strong> ist, das echtes Know-how erfordert \u2013 eine Verbindung aus <strong>Tradition<\/strong> und <strong>Innovation<\/strong>, Arbeit und Leidenschaft.<\/p>\n<p>Mit diesem Label wird die <strong>Vanille<\/strong> endlich als <strong>Schatz des franz\u00f6sischen handwerklichen Kulturerbes<\/strong> betrachtet.<\/p>\n<\/p>\n<\/div>\n<\/div>\n<\/div>\n<\/div><div class=\"fusion-clearfix\"><\/div><\/div><\/div><\/div><\/div>\n<p><!-- \u2550\u2550\u2550\u2550\u2550\u2550\u2550 CTA \u2550\u2550\u2550\u2550\u2550\u2550\u2550 --><\/p>\n<div class=\"fusion-fullwidth fullwidth-box fusion-builder-row-8 hundred-percent-fullwidth non-hundred-percent-height-scrolling\" style=\"--awb-border-radius-top-left:0px;--awb-border-radius-top-right:0px;--awb-border-radius-bottom-right:0px;--awb-border-radius-bottom-left:0px;--awb-padding-top:0px;--awb-padding-right:0px;--awb-padding-bottom:0px;--awb-padding-left:0px;--awb-flex-wrap:wrap;\" ><div class=\"fusion-builder-row fusion-row\"><div class=\"fusion-layout-column fusion_builder_column fusion-builder-column-7 fusion_builder_column_1_1 1_1 fusion-one-full fusion-column-first fusion-column-last\" style=\"--awb-bg-size:cover;--awb-margin-top:0px;--awb-margin-bottom:0px;\"><div class=\"fusion-column-wrapper fusion-flex-column-wrapper-legacy\"><div class=\"fusion-text fusion-text-7\"><div class=\"recipe-cta reveal\">\n<div class=\"recipe-cta-content\">\n<h3 class=\"cta-title\">Entdecken Sie ein au\u00dfergew\u00f6hnliches Know-how<\/h3>\n<p class=\"cta-subtitle\">Vanille Bleue, ausgezeichnet als Unternehmen des lebendigen Kulturerbes<\/p>\n<div class=\"cta-buttons\">\n            <a href=\"https:\/\/shop.escale-bleue.fr\" class=\"btn btn-primary\" style=\"color:#fff !important;\">Bestellen<\/a><br \/>\n            <a href=\"https:\/\/escale-bleue.fr\/de\/quest-ce-que-la-vanille-bleue\/\" class=\"btn btn-secondary\">Vanille Bleue entdecken<\/a>\n        <\/div>\n<\/p>\n<\/div>\n<\/div>\n<\/div><div class=\"fusion-clearfix\"><\/div><\/div><\/div><\/div><\/div>\n<div class=\"fusion-fullwidth fullwidth-box fusion-builder-row-9 hundred-percent-fullwidth non-hundred-percent-height-scrolling\" style=\"--awb-border-radius-top-left:0px;--awb-border-radius-top-right:0px;--awb-border-radius-bottom-right:0px;--awb-border-radius-bottom-left:0px;--awb-padding-top:0px;--awb-padding-right:0px;--awb-padding-bottom:0px;--awb-padding-left:0px;--awb-flex-wrap:wrap;\" ><div class=\"fusion-builder-row fusion-row\"><div class=\"fusion-layout-column fusion_builder_column fusion-builder-column-8 fusion_builder_column_1_1 1_1 fusion-one-full fusion-column-first fusion-column-last\" style=\"--awb-bg-size:cover;--awb-margin-top:0px;--awb-margin-bottom:0px;\"><div class=\"fusion-column-wrapper fusion-flex-column-wrapper-legacy\"><script>const reveals = document.querySelectorAll('.reveal');\nconst observer = new IntersectionObserver((entries) => {\n    entries.forEach(entry => {\n        if (entry.isIntersecting) {\n            entry.target.classList.add('visible');\n        }\n    });\n}, { threshold: 0.15 });\nreveals.forEach(el => observer.observe(el));\n<\/script><div class=\"fusion-clearfix\"><\/div><\/div><\/div><\/div><\/div>\n","protected":false},"excerpt":{"rendered":"<p>Die Nachricht kam heute Morgen: Escale Bleue schafft es, die Vanille in das franz\u00f6sische handwerkliche Kulturerbe aufzunehmen, und wird das erste Unternehmen aus La R\u00e9union, das das Label Unternehmen des lebendigen Kulturerbes erh\u00e4lt \u2013 ein staatliches Anerkennungszeichen, das seit 2005 vergeben wird, um franz\u00f6sische Unternehmen mit handwerklichem Spitzen-Know-how auszuzeichnen.<\/p>\n","protected":false},"author":10,"featured_media":24537,"comment_status":"open","ping_status":"open","sticky":false,"template":"","format":"standard","meta":{"footnotes":""},"categories":[154],"tags":[],"class_list":["post-24533","post","type-post","status-publish","format-standard","has-post-thumbnail","hentry","category-artikel"],"yoast_head":"<!-- This site is optimized with the Yoast SEO Premium plugin v27.4 (Yoast SEO v27.4) - https:\/\/yoast.com\/product\/yoast-seo-premium-wordpress\/ -->\n<title>Escale Bleue: Unternehmen des lebendigen Kulturerbes<\/title>\n<meta name=\"description\" content=\"Escale Bleue erh\u00e4lt das Label Unternehmen des lebendigen Kulturerbes, eine staatliche Auszeichnung f\u00fcr herausragendes Know-how.\" \/>\n<meta name=\"robots\" content=\"index, follow, max-snippet:-1, max-image-preview:large, max-video-preview:-1\" \/>\n<link rel=\"canonical\" href=\"https:\/\/escale-bleue.fr\/de\/2014\/07\/24\/escale-bleue-label-entreprise-du-patrimoine-vivant\/\" \/>\n<meta property=\"og:locale\" content=\"de_DE\" \/>\n<meta property=\"og:type\" content=\"article\" \/>\n<meta property=\"og:title\" content=\"Escale Bleue: Unternehmen des lebendigen Kulturerbes\" \/>\n<meta property=\"og:description\" content=\"Escale Bleue erh\u00e4lt das Label Unternehmen des lebendigen Kulturerbes, eine staatliche Auszeichnung f\u00fcr herausragendes Know-how.\" \/>\n<meta property=\"og:url\" content=\"https:\/\/escale-bleue.fr\/de\/2014\/07\/24\/escale-bleue-label-entreprise-du-patrimoine-vivant\/\" \/>\n<meta property=\"og:site_name\" content=\"Escale Bleue - Atelier Vanille\" \/>\n<meta property=\"article:publisher\" content=\"https:\/\/www.facebook.com\/Escalebleue\" \/>\n<meta property=\"article:author\" content=\"https:\/\/www.facebook.com\/Escalebleue\" \/>\n<meta property=\"article:published_time\" content=\"2014-07-23T22:01:00+00:00\" \/>\n<meta property=\"article:modified_time\" content=\"2026-03-24T16:53:31+00:00\" \/>\n<meta property=\"og:image\" content=\"https:\/\/escale-bleue.fr\/wp-content\/uploads\/2014\/07\/epv-escale-bleue-featured-21.jpg\" \/>\n\t<meta property=\"og:image:width\" content=\"373\" \/>\n\t<meta property=\"og:image:height\" content=\"222\" \/>\n\t<meta property=\"og:image:type\" content=\"image\/jpeg\" \/>\n<meta name=\"author\" content=\"Nicole Leichnig\" \/>\n<meta name=\"twitter:card\" content=\"summary_large_image\" \/>\n<meta name=\"twitter:creator\" content=\"@EscaleBleue\" \/>\n<meta name=\"twitter:site\" content=\"@EscaleBleue\" \/>\n<meta name=\"twitter:label1\" content=\"Verfasst von\" \/>\n\t<meta name=\"twitter:data1\" content=\"Nicole Leichnig\" \/>\n\t<meta name=\"twitter:label2\" content=\"Gesch\u00e4tzte Lesezeit\" \/>\n\t<meta name=\"twitter:data2\" content=\"7\u00a0Minuten\" \/>\n<script type=\"application\/ld+json\" class=\"yoast-schema-graph\">{\"@context\":\"https:\\\/\\\/schema.org\",\"@graph\":[{\"@type\":\"Article\",\"@id\":\"https:\\\/\\\/escale-bleue.fr\\\/de\\\/2014\\\/07\\\/24\\\/escale-bleue-label-entreprise-du-patrimoine-vivant\\\/#article\",\"isPartOf\":{\"@id\":\"https:\\\/\\\/escale-bleue.fr\\\/de\\\/2014\\\/07\\\/24\\\/escale-bleue-label-entreprise-du-patrimoine-vivant\\\/\"},\"author\":{\"name\":\"Nicole Leichnig\",\"@id\":\"https:\\\/\\\/escale-bleue.fr\\\/de\\\/#\\\/schema\\\/person\\\/1f70b901d3638943e7b936ac6ddf7ace\"},\"headline\":\"Escale Bleue: Unternehmen des lebendigen Kulturerbes\",\"datePublished\":\"2014-07-23T22:01:00+00:00\",\"dateModified\":\"2026-03-24T16:53:31+00:00\",\"mainEntityOfPage\":{\"@id\":\"https:\\\/\\\/escale-bleue.fr\\\/de\\\/2014\\\/07\\\/24\\\/escale-bleue-label-entreprise-du-patrimoine-vivant\\\/\"},\"wordCount\":1351,\"commentCount\":0,\"publisher\":{\"@id\":\"https:\\\/\\\/escale-bleue.fr\\\/de\\\/#organization\"},\"image\":{\"@id\":\"https:\\\/\\\/escale-bleue.fr\\\/de\\\/2014\\\/07\\\/24\\\/escale-bleue-label-entreprise-du-patrimoine-vivant\\\/#primaryimage\"},\"thumbnailUrl\":\"https:\\\/\\\/escale-bleue.fr\\\/wp-content\\\/uploads\\\/2014\\\/07\\\/epv-escale-bleue-featured-21.jpg\",\"articleSection\":[\"Artikel\"],\"inLanguage\":\"de\",\"potentialAction\":[{\"@type\":\"CommentAction\",\"name\":\"Comment\",\"target\":[\"https:\\\/\\\/escale-bleue.fr\\\/de\\\/2014\\\/07\\\/24\\\/escale-bleue-label-entreprise-du-patrimoine-vivant\\\/#respond\"]}]},{\"@type\":\"WebPage\",\"@id\":\"https:\\\/\\\/escale-bleue.fr\\\/de\\\/2014\\\/07\\\/24\\\/escale-bleue-label-entreprise-du-patrimoine-vivant\\\/\",\"url\":\"https:\\\/\\\/escale-bleue.fr\\\/de\\\/2014\\\/07\\\/24\\\/escale-bleue-label-entreprise-du-patrimoine-vivant\\\/\",\"name\":\"Escale Bleue: Unternehmen des lebendigen Kulturerbes\",\"isPartOf\":{\"@id\":\"https:\\\/\\\/escale-bleue.fr\\\/de\\\/#website\"},\"primaryImageOfPage\":{\"@id\":\"https:\\\/\\\/escale-bleue.fr\\\/de\\\/2014\\\/07\\\/24\\\/escale-bleue-label-entreprise-du-patrimoine-vivant\\\/#primaryimage\"},\"image\":{\"@id\":\"https:\\\/\\\/escale-bleue.fr\\\/de\\\/2014\\\/07\\\/24\\\/escale-bleue-label-entreprise-du-patrimoine-vivant\\\/#primaryimage\"},\"thumbnailUrl\":\"https:\\\/\\\/escale-bleue.fr\\\/wp-content\\\/uploads\\\/2014\\\/07\\\/epv-escale-bleue-featured-21.jpg\",\"datePublished\":\"2014-07-23T22:01:00+00:00\",\"dateModified\":\"2026-03-24T16:53:31+00:00\",\"description\":\"Escale Bleue erh\u00e4lt das Label Unternehmen des lebendigen Kulturerbes, eine staatliche Auszeichnung f\u00fcr herausragendes Know-how.\",\"breadcrumb\":{\"@id\":\"https:\\\/\\\/escale-bleue.fr\\\/de\\\/2014\\\/07\\\/24\\\/escale-bleue-label-entreprise-du-patrimoine-vivant\\\/#breadcrumb\"},\"inLanguage\":\"de\",\"potentialAction\":[{\"@type\":\"ReadAction\",\"target\":[\"https:\\\/\\\/escale-bleue.fr\\\/de\\\/2014\\\/07\\\/24\\\/escale-bleue-label-entreprise-du-patrimoine-vivant\\\/\"]}]},{\"@type\":\"ImageObject\",\"inLanguage\":\"de\",\"@id\":\"https:\\\/\\\/escale-bleue.fr\\\/de\\\/2014\\\/07\\\/24\\\/escale-bleue-label-entreprise-du-patrimoine-vivant\\\/#primaryimage\",\"url\":\"https:\\\/\\\/escale-bleue.fr\\\/wp-content\\\/uploads\\\/2014\\\/07\\\/epv-escale-bleue-featured-21.jpg\",\"contentUrl\":\"https:\\\/\\\/escale-bleue.fr\\\/wp-content\\\/uploads\\\/2014\\\/07\\\/epv-escale-bleue-featured-21.jpg\",\"width\":373,\"height\":222},{\"@type\":\"BreadcrumbList\",\"@id\":\"https:\\\/\\\/escale-bleue.fr\\\/de\\\/2014\\\/07\\\/24\\\/escale-bleue-label-entreprise-du-patrimoine-vivant\\\/#breadcrumb\",\"itemListElement\":[{\"@type\":\"ListItem\",\"position\":1,\"name\":\"Accueil\",\"item\":\"https:\\\/\\\/escale-bleue.fr\\\/de\\\/\"},{\"@type\":\"ListItem\",\"position\":2,\"name\":\"Escale Bleue: Unternehmen des lebendigen Kulturerbes\"}]},{\"@type\":\"WebSite\",\"@id\":\"https:\\\/\\\/escale-bleue.fr\\\/de\\\/#website\",\"url\":\"https:\\\/\\\/escale-bleue.fr\\\/de\\\/\",\"name\":\"Escale Bleue - Atelier Vanille \u00e0 la R\u00e9union\",\"description\":\"\",\"publisher\":{\"@id\":\"https:\\\/\\\/escale-bleue.fr\\\/de\\\/#organization\"},\"potentialAction\":[{\"@type\":\"SearchAction\",\"target\":{\"@type\":\"EntryPoint\",\"urlTemplate\":\"https:\\\/\\\/escale-bleue.fr\\\/de\\\/?s={search_term_string}\"},\"query-input\":{\"@type\":\"PropertyValueSpecification\",\"valueRequired\":true,\"valueName\":\"search_term_string\"}}],\"inLanguage\":\"de\"},{\"@type\":\"Organization\",\"@id\":\"https:\\\/\\\/escale-bleue.fr\\\/de\\\/#organization\",\"name\":\"Escale Bleue - Atelier Vanille R\u00e9union\",\"url\":\"https:\\\/\\\/escale-bleue.fr\\\/de\\\/\",\"logo\":{\"@type\":\"ImageObject\",\"inLanguage\":\"de\",\"@id\":\"https:\\\/\\\/escale-bleue.fr\\\/de\\\/#\\\/schema\\\/logo\\\/image\\\/\",\"url\":\"https:\\\/\\\/escale-bleue.fr\\\/wp-content\\\/uploads\\\/2026\\\/02\\\/logo_escale_bleue_b9afa1.png\",\"contentUrl\":\"https:\\\/\\\/escale-bleue.fr\\\/wp-content\\\/uploads\\\/2026\\\/02\\\/logo_escale_bleue_b9afa1.png\",\"width\":400,\"height\":218,\"caption\":\"Escale Bleue - Atelier Vanille R\u00e9union\"},\"image\":{\"@id\":\"https:\\\/\\\/escale-bleue.fr\\\/de\\\/#\\\/schema\\\/logo\\\/image\\\/\"},\"sameAs\":[\"https:\\\/\\\/www.facebook.com\\\/Escalebleue\",\"https:\\\/\\\/x.com\\\/EscaleBleue\",\"https:\\\/\\\/www.instagram.com\\\/escalebleue\\\/\"]},{\"@type\":\"Person\",\"@id\":\"https:\\\/\\\/escale-bleue.fr\\\/de\\\/#\\\/schema\\\/person\\\/1f70b901d3638943e7b936ac6ddf7ace\",\"name\":\"Nicole Leichnig\",\"image\":{\"@type\":\"ImageObject\",\"inLanguage\":\"de\",\"@id\":\"https:\\\/\\\/secure.gravatar.com\\\/avatar\\\/15a0db87cde0573ac8ec5d40671a1ec96c5218edceb4dc06eed820d664a8d63e?s=96&d=mm&r=g\",\"url\":\"https:\\\/\\\/secure.gravatar.com\\\/avatar\\\/15a0db87cde0573ac8ec5d40671a1ec96c5218edceb4dc06eed820d664a8d63e?s=96&d=mm&r=g\",\"contentUrl\":\"https:\\\/\\\/secure.gravatar.com\\\/avatar\\\/15a0db87cde0573ac8ec5d40671a1ec96c5218edceb4dc06eed820d664a8d63e?s=96&d=mm&r=g\",\"caption\":\"Nicole Leichnig\"},\"description\":\"Nicole Leichnig est co-fondatrice d'Escale Bleue et cr\u00e9atrice de la Vanille Bleue, la premi\u00e8re gousse de vanille brevet\u00e9e au monde. Depuis 1986, elle produit et affine la vanille \u00e0 Saint-Philippe, La R\u00e9union. Son proc\u00e9d\u00e9 d'affinage exclusif rend la gousse 100% comestible et d'une qualit\u00e9 aromatique rare \u2014 une innovation r\u00e9compens\u00e9e par le Diamond Taste Award 2024, la plus haute distinction de l'International Taste Institute, apr\u00e8s une d\u00e9cennie de notes maximales d\u00e9cern\u00e9es par 120 chefs \u00e9toil\u00e9s. Disciple d'Escoffier (2014) et Toque Fran\u00e7aise (2020), Nicole transmet son savoir-faire \u00e0 travers des visites guid\u00e9es et l'accueil de chercheurs sur la biodiversit\u00e9 du Sud Sauvage.\",\"sameAs\":[\"https:\\\/\\\/escale-bleue.fr\",\"https:\\\/\\\/www.facebook.com\\\/Escalebleue\",\"https:\\\/\\\/www.instagram.com\\\/escalebleue\\\/\"],\"gender\":\"femme\",\"knowsAbout\":[\"Affinage de vanille\",\"Vanille Bleue\",\"Vanille de La R\u00e9union\",\"Gastronomie\"],\"knowsLanguage\":[\"Fran\u00e7ais\",\"Anglais\"],\"jobTitle\":\"Co-fondatrice et affineuse de vanille\",\"worksFor\":\"Escale Bleue\",\"url\":\"https:\\\/\\\/escale-bleue.fr\\\/de\\\/author\\\/nicole-leichnig\\\/\"}]}<\/script>\n<!-- \/ Yoast SEO Premium plugin. -->","yoast_head_json":{"title":"Escale Bleue: Unternehmen des lebendigen Kulturerbes","description":"Escale Bleue erh\u00e4lt das Label Unternehmen des lebendigen Kulturerbes, eine staatliche Auszeichnung f\u00fcr herausragendes Know-how.","robots":{"index":"index","follow":"follow","max-snippet":"max-snippet:-1","max-image-preview":"max-image-preview:large","max-video-preview":"max-video-preview:-1"},"canonical":"https:\/\/escale-bleue.fr\/de\/2014\/07\/24\/escale-bleue-label-entreprise-du-patrimoine-vivant\/","og_locale":"de_DE","og_type":"article","og_title":"Escale Bleue: Unternehmen des lebendigen Kulturerbes","og_description":"Escale Bleue erh\u00e4lt das Label Unternehmen des lebendigen Kulturerbes, eine staatliche Auszeichnung f\u00fcr herausragendes Know-how.","og_url":"https:\/\/escale-bleue.fr\/de\/2014\/07\/24\/escale-bleue-label-entreprise-du-patrimoine-vivant\/","og_site_name":"Escale Bleue - Atelier Vanille","article_publisher":"https:\/\/www.facebook.com\/Escalebleue","article_author":"https:\/\/www.facebook.com\/Escalebleue","article_published_time":"2014-07-23T22:01:00+00:00","article_modified_time":"2026-03-24T16:53:31+00:00","og_image":[{"width":373,"height":222,"url":"https:\/\/escale-bleue.fr\/wp-content\/uploads\/2014\/07\/epv-escale-bleue-featured-21.jpg","type":"image\/jpeg"}],"author":"Nicole Leichnig","twitter_card":"summary_large_image","twitter_creator":"@EscaleBleue","twitter_site":"@EscaleBleue","twitter_misc":{"Verfasst von":"Nicole Leichnig","Gesch\u00e4tzte Lesezeit":"7\u00a0Minuten"},"schema":{"@context":"https:\/\/schema.org","@graph":[{"@type":"Article","@id":"https:\/\/escale-bleue.fr\/de\/2014\/07\/24\/escale-bleue-label-entreprise-du-patrimoine-vivant\/#article","isPartOf":{"@id":"https:\/\/escale-bleue.fr\/de\/2014\/07\/24\/escale-bleue-label-entreprise-du-patrimoine-vivant\/"},"author":{"name":"Nicole Leichnig","@id":"https:\/\/escale-bleue.fr\/de\/#\/schema\/person\/1f70b901d3638943e7b936ac6ddf7ace"},"headline":"Escale Bleue: Unternehmen des lebendigen Kulturerbes","datePublished":"2014-07-23T22:01:00+00:00","dateModified":"2026-03-24T16:53:31+00:00","mainEntityOfPage":{"@id":"https:\/\/escale-bleue.fr\/de\/2014\/07\/24\/escale-bleue-label-entreprise-du-patrimoine-vivant\/"},"wordCount":1351,"commentCount":0,"publisher":{"@id":"https:\/\/escale-bleue.fr\/de\/#organization"},"image":{"@id":"https:\/\/escale-bleue.fr\/de\/2014\/07\/24\/escale-bleue-label-entreprise-du-patrimoine-vivant\/#primaryimage"},"thumbnailUrl":"https:\/\/escale-bleue.fr\/wp-content\/uploads\/2014\/07\/epv-escale-bleue-featured-21.jpg","articleSection":["Artikel"],"inLanguage":"de","potentialAction":[{"@type":"CommentAction","name":"Comment","target":["https:\/\/escale-bleue.fr\/de\/2014\/07\/24\/escale-bleue-label-entreprise-du-patrimoine-vivant\/#respond"]}]},{"@type":"WebPage","@id":"https:\/\/escale-bleue.fr\/de\/2014\/07\/24\/escale-bleue-label-entreprise-du-patrimoine-vivant\/","url":"https:\/\/escale-bleue.fr\/de\/2014\/07\/24\/escale-bleue-label-entreprise-du-patrimoine-vivant\/","name":"Escale Bleue: Unternehmen des lebendigen Kulturerbes","isPartOf":{"@id":"https:\/\/escale-bleue.fr\/de\/#website"},"primaryImageOfPage":{"@id":"https:\/\/escale-bleue.fr\/de\/2014\/07\/24\/escale-bleue-label-entreprise-du-patrimoine-vivant\/#primaryimage"},"image":{"@id":"https:\/\/escale-bleue.fr\/de\/2014\/07\/24\/escale-bleue-label-entreprise-du-patrimoine-vivant\/#primaryimage"},"thumbnailUrl":"https:\/\/escale-bleue.fr\/wp-content\/uploads\/2014\/07\/epv-escale-bleue-featured-21.jpg","datePublished":"2014-07-23T22:01:00+00:00","dateModified":"2026-03-24T16:53:31+00:00","description":"Escale Bleue erh\u00e4lt das Label Unternehmen des lebendigen Kulturerbes, eine staatliche Auszeichnung f\u00fcr herausragendes Know-how.","breadcrumb":{"@id":"https:\/\/escale-bleue.fr\/de\/2014\/07\/24\/escale-bleue-label-entreprise-du-patrimoine-vivant\/#breadcrumb"},"inLanguage":"de","potentialAction":[{"@type":"ReadAction","target":["https:\/\/escale-bleue.fr\/de\/2014\/07\/24\/escale-bleue-label-entreprise-du-patrimoine-vivant\/"]}]},{"@type":"ImageObject","inLanguage":"de","@id":"https:\/\/escale-bleue.fr\/de\/2014\/07\/24\/escale-bleue-label-entreprise-du-patrimoine-vivant\/#primaryimage","url":"https:\/\/escale-bleue.fr\/wp-content\/uploads\/2014\/07\/epv-escale-bleue-featured-21.jpg","contentUrl":"https:\/\/escale-bleue.fr\/wp-content\/uploads\/2014\/07\/epv-escale-bleue-featured-21.jpg","width":373,"height":222},{"@type":"BreadcrumbList","@id":"https:\/\/escale-bleue.fr\/de\/2014\/07\/24\/escale-bleue-label-entreprise-du-patrimoine-vivant\/#breadcrumb","itemListElement":[{"@type":"ListItem","position":1,"name":"Accueil","item":"https:\/\/escale-bleue.fr\/de\/"},{"@type":"ListItem","position":2,"name":"Escale Bleue: Unternehmen des lebendigen Kulturerbes"}]},{"@type":"WebSite","@id":"https:\/\/escale-bleue.fr\/de\/#website","url":"https:\/\/escale-bleue.fr\/de\/","name":"Escale Bleue - Atelier Vanille \u00e0 la R\u00e9union","description":"","publisher":{"@id":"https:\/\/escale-bleue.fr\/de\/#organization"},"potentialAction":[{"@type":"SearchAction","target":{"@type":"EntryPoint","urlTemplate":"https:\/\/escale-bleue.fr\/de\/?s={search_term_string}"},"query-input":{"@type":"PropertyValueSpecification","valueRequired":true,"valueName":"search_term_string"}}],"inLanguage":"de"},{"@type":"Organization","@id":"https:\/\/escale-bleue.fr\/de\/#organization","name":"Escale Bleue - Atelier Vanille R\u00e9union","url":"https:\/\/escale-bleue.fr\/de\/","logo":{"@type":"ImageObject","inLanguage":"de","@id":"https:\/\/escale-bleue.fr\/de\/#\/schema\/logo\/image\/","url":"https:\/\/escale-bleue.fr\/wp-content\/uploads\/2026\/02\/logo_escale_bleue_b9afa1.png","contentUrl":"https:\/\/escale-bleue.fr\/wp-content\/uploads\/2026\/02\/logo_escale_bleue_b9afa1.png","width":400,"height":218,"caption":"Escale Bleue - Atelier Vanille R\u00e9union"},"image":{"@id":"https:\/\/escale-bleue.fr\/de\/#\/schema\/logo\/image\/"},"sameAs":["https:\/\/www.facebook.com\/Escalebleue","https:\/\/x.com\/EscaleBleue","https:\/\/www.instagram.com\/escalebleue\/"]},{"@type":"Person","@id":"https:\/\/escale-bleue.fr\/de\/#\/schema\/person\/1f70b901d3638943e7b936ac6ddf7ace","name":"Nicole Leichnig","image":{"@type":"ImageObject","inLanguage":"de","@id":"https:\/\/secure.gravatar.com\/avatar\/15a0db87cde0573ac8ec5d40671a1ec96c5218edceb4dc06eed820d664a8d63e?s=96&d=mm&r=g","url":"https:\/\/secure.gravatar.com\/avatar\/15a0db87cde0573ac8ec5d40671a1ec96c5218edceb4dc06eed820d664a8d63e?s=96&d=mm&r=g","contentUrl":"https:\/\/secure.gravatar.com\/avatar\/15a0db87cde0573ac8ec5d40671a1ec96c5218edceb4dc06eed820d664a8d63e?s=96&d=mm&r=g","caption":"Nicole Leichnig"},"description":"Nicole Leichnig est co-fondatrice d'Escale Bleue et cr\u00e9atrice de la Vanille Bleue, la premi\u00e8re gousse de vanille brevet\u00e9e au monde. Depuis 1986, elle produit et affine la vanille \u00e0 Saint-Philippe, La R\u00e9union. Son proc\u00e9d\u00e9 d'affinage exclusif rend la gousse 100% comestible et d'une qualit\u00e9 aromatique rare \u2014 une innovation r\u00e9compens\u00e9e par le Diamond Taste Award 2024, la plus haute distinction de l'International Taste Institute, apr\u00e8s une d\u00e9cennie de notes maximales d\u00e9cern\u00e9es par 120 chefs \u00e9toil\u00e9s. Disciple d'Escoffier (2014) et Toque Fran\u00e7aise (2020), Nicole transmet son savoir-faire \u00e0 travers des visites guid\u00e9es et l'accueil de chercheurs sur la biodiversit\u00e9 du Sud Sauvage.","sameAs":["https:\/\/escale-bleue.fr","https:\/\/www.facebook.com\/Escalebleue","https:\/\/www.instagram.com\/escalebleue\/"],"gender":"femme","knowsAbout":["Affinage de vanille","Vanille Bleue","Vanille de La R\u00e9union","Gastronomie"],"knowsLanguage":["Fran\u00e7ais","Anglais"],"jobTitle":"Co-fondatrice et affineuse de vanille","worksFor":"Escale Bleue","url":"https:\/\/escale-bleue.fr\/de\/author\/nicole-leichnig\/"}]}},"_links":{"self":[{"href":"https:\/\/escale-bleue.fr\/de\/wp-json\/wp\/v2\/posts\/24533","targetHints":{"allow":["GET"]}}],"collection":[{"href":"https:\/\/escale-bleue.fr\/de\/wp-json\/wp\/v2\/posts"}],"about":[{"href":"https:\/\/escale-bleue.fr\/de\/wp-json\/wp\/v2\/types\/post"}],"author":[{"embeddable":true,"href":"https:\/\/escale-bleue.fr\/de\/wp-json\/wp\/v2\/users\/10"}],"replies":[{"embeddable":true,"href":"https:\/\/escale-bleue.fr\/de\/wp-json\/wp\/v2\/comments?post=24533"}],"version-history":[{"count":2,"href":"https:\/\/escale-bleue.fr\/de\/wp-json\/wp\/v2\/posts\/24533\/revisions"}],"predecessor-version":[{"id":24540,"href":"https:\/\/escale-bleue.fr\/de\/wp-json\/wp\/v2\/posts\/24533\/revisions\/24540"}],"wp:featuredmedia":[{"embeddable":true,"href":"https:\/\/escale-bleue.fr\/de\/wp-json\/wp\/v2\/media\/24537"}],"wp:attachment":[{"href":"https:\/\/escale-bleue.fr\/de\/wp-json\/wp\/v2\/media?parent=24533"}],"wp:term":[{"taxonomy":"category","embeddable":true,"href":"https:\/\/escale-bleue.fr\/de\/wp-json\/wp\/v2\/categories?post=24533"},{"taxonomy":"post_tag","embeddable":true,"href":"https:\/\/escale-bleue.fr\/de\/wp-json\/wp\/v2\/tags?post=24533"}],"curies":[{"name":"wp","href":"https:\/\/api.w.org\/{rel}","templated":true}]}}