{"id":24787,"date":"2020-07-05T17:37:59","date_gmt":"2020-07-05T15:37:59","guid":{"rendered":"https:\/\/escale-bleue.fr\/2020\/07\/05\/tarte-double-fromage-vanille-bleue\/"},"modified":"2026-03-24T18:45:40","modified_gmt":"2026-03-24T16:45:40","slug":"tarte-double-fromage-vanille-bleue","status":"publish","type":"post","link":"https:\/\/escale-bleue.fr\/de\/2020\/07\/05\/tarte-double-fromage-vanille-bleue\/","title":{"rendered":"Doppelk\u00e4se-Tarte Vanille Bleue"},"content":{"rendered":"<div class=\"fusion-fullwidth fullwidth-box fusion-builder-row-1 hundred-percent-fullwidth non-hundred-percent-height-scrolling\" style=\"--awb-border-radius-top-left:0px;--awb-border-radius-top-right:0px;--awb-border-radius-bottom-right:0px;--awb-border-radius-bottom-left:0px;--awb-padding-top:0px;--awb-padding-right:0px;--awb-padding-bottom:0px;--awb-padding-left:0px;--awb-flex-wrap:wrap;\" ><div class=\"fusion-builder-row fusion-row\"><div class=\"fusion-layout-column fusion_builder_column fusion-builder-column-0 fusion_builder_column_1_1 1_1 fusion-one-full fusion-column-first fusion-column-last\" style=\"--awb-bg-size:cover;--awb-margin-top:0px;--awb-margin-bottom:0px;\"><div class=\"fusion-column-wrapper fusion-flex-column-wrapper-legacy\"><link rel=\"stylesheet\" href=\"https:\/\/escale-bleue.fr\/wp-content\/uploads\/recipe-style.css?v=5\">\n<link rel=\"stylesheet\" href=\"https:\/\/cdnjs.cloudflare.com\/ajax\/libs\/font-awesome\/6.5.1\/css\/all.min.css\"><div class=\"fusion-clearfix\"><\/div><\/div><\/div><\/div><\/div>\n<div class=\"fusion-fullwidth fullwidth-box fusion-builder-row-2 hundred-percent-fullwidth non-hundred-percent-height-scrolling\" style=\"--awb-border-radius-top-left:0px;--awb-border-radius-top-right:0px;--awb-border-radius-bottom-right:0px;--awb-border-radius-bottom-left:0px;--awb-padding-top:0px;--awb-padding-right:0px;--awb-padding-bottom:0px;--awb-padding-left:0px;--awb-flex-wrap:wrap;\" ><div class=\"fusion-builder-row fusion-row\"><div class=\"fusion-layout-column fusion_builder_column fusion-builder-column-1 fusion_builder_column_1_1 1_1 fusion-one-full fusion-column-first fusion-column-last\" style=\"--awb-bg-size:cover;--awb-margin-top:0px;--awb-margin-bottom:0px;\"><div class=\"fusion-column-wrapper fusion-flex-column-wrapper-legacy\"><div class=\"fusion-text fusion-text-1\"><p><!-- ========== EN-T\u00caTE ========== --><\/p>\n<div class=\"recipe-header\">\n<div class=\"recipe-header-content\">\n<div class=\"recipe-category animate animate-delay-1\">Rezept<\/div>\n<h1 class=\"recipe-title animate animate-delay-2\">Doppelk\u00e4se-Tarte<br \/>mit Vanille Bleue<\/h1>\n<p class=\"recipe-subtitle animate animate-delay-3\">von <a href=\"#\">Thopat Leichnig<\/a> von Escale Bleue, nach <a href=\"#\">Julien Perrinet<\/a> \u2014 Grand Hyatt Taipei<\/p>\n<div class=\"social-icons animate animate-delay-4\"><a href=\"https:\/\/www.facebook.com\/Escalebleue\" target=\"_blank\" class=\"social-icon\" title=\"Facebook\"><i class=\"fab fa-facebook-f\"><\/i><\/a><a href=\"https:\/\/www.instagram.com\/escalebleue\/\" target=\"_blank\" class=\"social-icon\" title=\"Instagram\"><i class=\"fab fa-instagram\"><\/i><\/a><\/div>\n<div class=\"chef-avatar-wrap animate animate-delay-4\"><img decoding=\"async\" class=\"chef-avatar\" src=\"https:\/\/escale-bleue.fr\/wp-content\/uploads\/2026\/02\/chef-thopat-tarte-double-fromage.png\" alt=\"Thopat Leichnig \u2014 Chef-P\u00e2tissi\u00e8re Escale Bleue\"><\/div>\n<\/p>\n<\/div>\n<\/div>\n<\/div><div class=\"fusion-clearfix\"><\/div><\/div><\/div><\/div><\/div>\n<div class=\"fusion-fullwidth fullwidth-box fusion-builder-row-3 hundred-percent-fullwidth non-hundred-percent-height-scrolling\" style=\"--awb-border-radius-top-left:0px;--awb-border-radius-top-right:0px;--awb-border-radius-bottom-right:0px;--awb-border-radius-bottom-left:0px;--awb-padding-top:0px;--awb-padding-right:0px;--awb-padding-bottom:0px;--awb-padding-left:0px;--awb-flex-wrap:wrap;\" ><div class=\"fusion-builder-row fusion-row\"><div class=\"fusion-layout-column fusion_builder_column fusion-builder-column-2 fusion_builder_column_1_1 1_1 fusion-one-full fusion-column-first fusion-column-last\" style=\"--awb-bg-size:cover;--awb-margin-top:0px;--awb-margin-bottom:0px;\"><div class=\"fusion-column-wrapper fusion-flex-column-wrapper-legacy\"><div class=\"fusion-text fusion-text-2\"><p><!-- ========== BANDEAU INFOS ========== --><\/p>\n<div class=\"recipe-meta\">\n<div class=\"recipe-meta-inner\">\n<div class=\"meta-item\">\n<div class=\"meta-icon\"><i class=\"fas fa-signal\"><\/i><\/div>\n<div class=\"meta-label\">Schwierigkeitsgrad<\/div>\n<div class=\"meta-value\">Einfach<\/div>\n<\/p>\n<\/div>\n<div class=\"meta-item\">\n<div class=\"meta-icon\"><i class=\"far fa-clock\"><\/i><\/div>\n<div class=\"meta-label\">Zeit<\/div>\n<div class=\"meta-value\">45 Min.<\/div>\n<\/p>\n<\/div>\n<div class=\"meta-item\">\n<div class=\"meta-icon\"><i class=\"fas fa-layer-group\"><\/i><\/div>\n<div class=\"meta-label\">Menge<\/div>\n<div class=\"meta-value\">3 Tartes \u00e0 10\u00d75 cm<\/div>\n<\/p>\n<\/div>\n<div class=\"meta-item\">\n<div class=\"meta-icon\"><i class=\"fas fa-seedling\"><\/i><\/div>\n<div class=\"meta-label\">Vanille Bleue<\/div>\n<div class=\"meta-value\">2 kleine Schoten<\/div>\n<\/p>\n<\/div>\n<\/div>\n<\/div>\n<\/div><div class=\"fusion-clearfix\"><\/div><\/div><\/div><\/div><\/div>\n<div class=\"fusion-fullwidth fullwidth-box fusion-builder-row-4 hundred-percent-fullwidth non-hundred-percent-height-scrolling\" style=\"--awb-border-radius-top-left:0px;--awb-border-radius-top-right:0px;--awb-border-radius-bottom-right:0px;--awb-border-radius-bottom-left:0px;--awb-padding-top:0px;--awb-padding-right:0px;--awb-padding-bottom:0px;--awb-padding-left:0px;--awb-flex-wrap:wrap;\" ><div class=\"fusion-builder-row fusion-row\"><div class=\"fusion-layout-column fusion_builder_column fusion-builder-column-3 fusion_builder_column_1_1 1_1 fusion-one-full fusion-column-first fusion-column-last\" style=\"--awb-bg-size:cover;--awb-margin-top:0px;--awb-margin-bottom:0px;\"><div class=\"fusion-column-wrapper fusion-flex-column-wrapper-legacy\"><div class=\"fusion-text fusion-text-3\"><p><!-- ========== INTRODUCTION ========== --><\/p>\n<div class=\"recipe-intro reveal\">\n<div class=\"recipe-intro-text\">\n<p>Stellen Sie sich eine gebackene Quarkcreme vor, bedeckt mit einer zarten Vanille Bleue-Chantilly. Das ist es, was wir Ihnen mit dieser Tarte anbieten, die von unserer P\u00e2tissi\u00e8re <strong>Thopat Leichnig<\/strong> kreiert und an ein Rezept von <strong>Julien Perrinet<\/strong>, Executive Chef P\u00e2tissier des <strong>Grand Hyatt Taipei<\/strong>, angepasst wurde. <\/p>\n<\/p>\n<\/div>\n<div class=\"recipe-intro-image\">\n        <img decoding=\"async\" src=\"https:\/\/escale-bleue.fr\/wp-content\/uploads\/2020\/07\/Tarte-double-fromage-vanille-bleue-1.jpg\" alt=\"Doppelk\u00e4se-Tarte mit Vanille Bleue\">\n    <\/div>\n<\/div>\n<\/div><div class=\"fusion-clearfix\"><\/div><\/div><\/div><\/div><\/div>\n<div class=\"fusion-fullwidth fullwidth-box fusion-builder-row-5 hundred-percent-fullwidth non-hundred-percent-height-scrolling\" style=\"--awb-border-radius-top-left:0px;--awb-border-radius-top-right:0px;--awb-border-radius-bottom-right:0px;--awb-border-radius-bottom-left:0px;--awb-padding-top:0px;--awb-padding-right:0px;--awb-padding-bottom:0px;--awb-padding-left:0px;--awb-flex-wrap:wrap;\" ><div class=\"fusion-builder-row fusion-row\"><div class=\"fusion-layout-column fusion_builder_column fusion-builder-column-4 fusion_builder_column_1_1 1_1 fusion-one-full fusion-column-first fusion-column-last\" style=\"--awb-bg-size:cover;--awb-margin-top:0px;--awb-margin-bottom:0px;\"><div class=\"fusion-column-wrapper fusion-flex-column-wrapper-legacy\"><div class=\"fusion-text fusion-text-4\"><p><!-- ========== SECTION 1 : P\u00c2TE SUCR\u00c9E ========== --><\/p>\n<div class=\"recipe-section reveal\">\n<div class=\"section-header\">\n<div class=\"section-number\">01<\/div>\n<h2 class=\"section-title\">M\u00fcrbeteig<\/h2>\n<div class=\"section-divider\"><\/div>\n<\/p>\n<\/div>\n<div class=\"recipe-columns\">\n<div class=\"ingredients-card\">\n<div class=\"ingredients-label\"><i class=\"fas fa-list\"><\/i> Zutaten<\/div>\n<ul class=\"ingredients-list\">\n<li><span class=\"ingredient-name\">S\u00fc\u00dfe Butter<\/span><span class=\"ingredient-qty\">110 g<\/span><\/li>\n<li><span class=\"ingredient-name\">Zucker<\/span><span class=\"ingredient-qty\">50 g<\/span><\/li>\n<li><span class=\"ingredient-name\">Trehalose (oder Puderzucker)<\/span><span class=\"ingredient-qty\">20 g<\/span><\/li>\n<li><span class=\"ingredient-name\">Salz<\/span><span class=\"ingredient-qty\">QS<\/span><\/li>\n<li><span class=\"ingredient-name\">Mehl Type 45<\/span><span class=\"ingredient-qty\">144 g<\/span><\/li>\n<li><span class=\"ingredient-name\">Ger\u00f6stetes Mehl Type 55<\/span><span class=\"ingredient-qty\">44 g<\/span><\/li>\n<li><span class=\"ingredient-name\">Haselnussmehl<\/span><span class=\"ingredient-qty\">20 g<\/span><\/li>\n<li><span class=\"ingredient-name\">Eigelb<\/span><span class=\"ingredient-qty\">25 g<\/span><\/li>\n<li><span class=\"ingredient-name\">Frische Eier<\/span><span class=\"ingredient-qty\">20 g<\/span><\/li>\n<li><span class=\"ingredient-name\"><a class=\"ingredient-link\" href=\"https:\/\/shop.escale-bleue.fr\/products\/poudre-de-vanille\">Vanillepulver<\/a><\/span><span class=\"ingredient-qty\">5 g<\/span><\/li>\n<\/ul>\n<\/div>\n<div class=\"method-content\">\n<p>Butter und Eier vorab aus dem K\u00fchlschrank nehmen, damit sie Zimmertemperatur erreichen. Das Mehl 20 Min. bei 150 \u00b0C im Ofen r\u00f6sten und abk\u00fchlen lassen, bevor es mit dem normalen Mehl gesiebt wird. <\/p>\n<p>Die Butter in St\u00fccke schneiden und in die R\u00fchrsch\u00fcssel geben. Zucker, Trehalose, Salz, Haselnussmehl und das <a href=\"https:\/\/shop.escale-bleue.fr\/products\/poudre-de-vanille\"><strong>Vanillepulver<\/strong><\/a> zur Butter hinzuf\u00fcgen. Bei mittlerer Geschwindigkeit mit dem Flachr\u00fchrer vermischen, bis eine cremige, hellgelbe Masse entsteht.  <\/p>\n<p>Die Eier hinzuf\u00fcgen und weiter mixen, bis die Mischung homogen und cremig ist, fast wie eine Buttercreme. Die Seiten mit einem Teigschaber abkratzen. <\/p>\n<p>Die beiden gesiebten Mehlsorten hinzuf\u00fcgen. Bei niedriger Geschwindigkeit kurz vermischen, aufh\u00f6ren, sobald keine Mehlspuren mehr sichtbar sind. <\/p>\n<div class=\"method-tip\">\n                <i class=\"fas fa-lightbulb\"><\/i> Den Teig in Frischhaltefolie wickeln und k\u00fchl stellen \u2014 mindestens 2 Stunden, idealerweise \u00fcber Nacht, ruhen lassen.\n            <\/div>\n<p>Den Teig 3 mm dick ausrollen. Den Teig in gebutterte Ringe mit Silpain legen. Mindestens 2 Stunden im Gefrierschrank ruhen lassen. Blind bei 170 \u00b0C f\u00fcr 18-20 Min. backen (um zu 80 % gebackene Tartes zu erhalten).   <\/p>\n<\/p>\n<\/div>\n<\/div>\n<\/div>\n<\/div><div class=\"fusion-clearfix\"><\/div><\/div><\/div><\/div><\/div>\n<div class=\"fusion-fullwidth fullwidth-box fusion-builder-row-6 hundred-percent-fullwidth non-hundred-percent-height-scrolling\" style=\"--awb-border-radius-top-left:0px;--awb-border-radius-top-right:0px;--awb-border-radius-bottom-right:0px;--awb-border-radius-bottom-left:0px;--awb-padding-top:0px;--awb-padding-right:0px;--awb-padding-bottom:0px;--awb-padding-left:0px;--awb-flex-wrap:wrap;\" ><div class=\"fusion-builder-row fusion-row\"><div class=\"fusion-layout-column fusion_builder_column fusion-builder-column-5 fusion_builder_column_1_1 1_1 fusion-one-full fusion-column-first fusion-column-last\" style=\"--awb-bg-size:cover;--awb-margin-top:0px;--awb-margin-bottom:0px;\"><div class=\"fusion-column-wrapper fusion-flex-column-wrapper-legacy\"><div class=\"fusion-text fusion-text-5\"><p><!-- ========== SECTION 2 : CR\u00c8ME ========== --><\/p>\n<div class=\"recipe-section reveal\">\n<div class=\"section-header\">\n<div class=\"section-number\">02<\/div>\n<h2 class=\"section-title\">Gebackene Quarkcreme<\/h2>\n<div class=\"section-divider\"><\/div>\n<\/p>\n<\/div>\n<div class=\"recipe-columns\">\n<div class=\"ingredients-card\">\n<div class=\"ingredients-label\"><i class=\"fas fa-list\"><\/i> Zutaten<\/div>\n<ul class=\"ingredients-list\">\n<li><span class=\"ingredient-name\">Philadelphia Frischk\u00e4se<\/span><span class=\"ingredient-qty\">150 g<\/span><\/li>\n<li><span class=\"ingredient-name\">Quark<\/span><span class=\"ingredient-qty\">150 g<\/span><\/li>\n<li><span class=\"ingredient-name\">Eigelb<\/span><span class=\"ingredient-qty\">70 g<\/span><\/li>\n<li><span class=\"ingredient-name\">Zucker<\/span><span class=\"ingredient-qty\">50 g<\/span><\/li>\n<li><span class=\"ingredient-name\">Halbfettmilch<\/span><span class=\"ingredient-qty\">50 g<\/span><\/li>\n<li><span class=\"ingredient-name\">Sahne 35 % Fett<\/span><span class=\"ingredient-qty\">50 g<\/span><\/li>\n<li><span class=\"ingredient-name\"><a class=\"ingredient-link\" href=\"https:\/\/shop.escale-bleue.fr\/products\/gousses-de-vanille-bleue\">Vanille Bleue<\/a><\/span><span class=\"ingredient-qty\">1 kleine Schote<\/span><\/li>\n<\/ul>\n<\/div>\n<div class=\"method-content\">\n<div class=\"method-tip\">\n                <i class=\"fas fa-hand-sparkles\"><\/i> Dieser Schritt kann von Hand mit einem Schneebesen und einem Teigschaber durchgef\u00fchrt werden.\n            <\/div>\n<p>In der R\u00fchrsch\u00fcssel Frischk\u00e4se, Quark, Zucker und die <a href=\"https:\/\/shop.escale-bleue.fr\/products\/gousses-de-vanille-bleue\"><strong>Vanille Bleue<\/strong><\/a> hinzuf\u00fcgen, dann bei mittlerer Geschwindigkeit mit dem Flachr\u00fchrer vermischen, bis die Masse homogen ist.<\/p>\n<p>Nacheinander Eigelb, Milch und Sahne hinzuf\u00fcgen.<\/p>\n<p>In die blind gebackenen Tartes bis zu \u00be der H\u00f6he f\u00fcllen. Bei 170 \u00b0C f\u00fcr 25-30 Min. backen. <\/p>\n<\/p>\n<\/div>\n<\/div>\n<\/div>\n<\/div><div class=\"fusion-clearfix\"><\/div><\/div><\/div><\/div><\/div>\n<div class=\"fusion-fullwidth fullwidth-box fusion-builder-row-7 hundred-percent-fullwidth non-hundred-percent-height-scrolling\" style=\"--awb-border-radius-top-left:0px;--awb-border-radius-top-right:0px;--awb-border-radius-bottom-right:0px;--awb-border-radius-bottom-left:0px;--awb-padding-top:0px;--awb-padding-right:0px;--awb-padding-bottom:0px;--awb-padding-left:0px;--awb-flex-wrap:wrap;\" ><div class=\"fusion-builder-row fusion-row\"><div class=\"fusion-layout-column fusion_builder_column fusion-builder-column-6 fusion_builder_column_1_1 1_1 fusion-one-full fusion-column-first fusion-column-last\" style=\"--awb-bg-size:cover;--awb-margin-top:0px;--awb-margin-bottom:0px;\"><div class=\"fusion-column-wrapper fusion-flex-column-wrapper-legacy\"><div class=\"fusion-text fusion-text-6\"><p><!-- ========== SECTION 3 : CHANTILLY ========== --><\/p>\n<div class=\"recipe-section reveal\">\n<div class=\"section-header\">\n<div class=\"section-number\">03<\/div>\n<h2 class=\"section-title\">Vanille Bleue-Chantilly<\/h2>\n<div class=\"section-divider\"><\/div>\n<\/p>\n<\/div>\n<div class=\"recipe-columns\">\n<div class=\"ingredients-card\">\n<div class=\"ingredients-label\"><i class=\"fas fa-list\"><\/i> Zutaten<\/div>\n<ul class=\"ingredients-list\">\n<li><span class=\"ingredient-name\">Sahne 35 % Fett<\/span><span class=\"ingredient-qty\">300 g<\/span><\/li>\n<li><span class=\"ingredient-name\">Zucker<\/span><span class=\"ingredient-qty\">30 g<\/span><\/li>\n<li><span class=\"ingredient-name\"><a class=\"ingredient-link\" href=\"https:\/\/shop.escale-bleue.fr\/products\/gousses-de-vanille-bleue\">Vanille Bleue<\/a><\/span><span class=\"ingredient-qty\">1 kleine Schote<\/span><\/li>\n<\/ul>\n<\/div>\n<div class=\"method-content\">\n<p>In der R\u00fchrsch\u00fcssel die Sahne mit Zucker und der <a href=\"https:\/\/shop.escale-bleue.fr\/products\/gousses-de-vanille-bleue\"><strong>Vanille Bleue<\/strong><\/a> mit dem Schneebesen aufschlagen und die Tarte kalt garnieren.<\/p>\n<div class=\"method-tip\">\n                <i class=\"fas fa-lightbulb\"><\/i> Achten Sie darauf, die Sahne nicht zu stark aufzuschlagen \u2014 sie sollte geschmeidig und cremig bleiben.\n            <\/div>\n<\/p>\n<\/div>\n<\/div>\n<\/div>\n<\/div><div class=\"fusion-clearfix\"><\/div><\/div><\/div><\/div><\/div>\n<div class=\"fusion-fullwidth fullwidth-box fusion-builder-row-8 hundred-percent-fullwidth non-hundred-percent-height-scrolling\" style=\"--awb-border-radius-top-left:0px;--awb-border-radius-top-right:0px;--awb-border-radius-bottom-right:0px;--awb-border-radius-bottom-left:0px;--awb-padding-top:0px;--awb-padding-right:0px;--awb-padding-bottom:0px;--awb-padding-left:0px;--awb-flex-wrap:wrap;\" ><div class=\"fusion-builder-row fusion-row\"><div class=\"fusion-layout-column fusion_builder_column fusion-builder-column-7 fusion_builder_column_1_1 1_1 fusion-one-full fusion-column-first fusion-column-last\" style=\"--awb-bg-size:cover;--awb-margin-top:0px;--awb-margin-bottom:0px;\"><div class=\"fusion-column-wrapper fusion-flex-column-wrapper-legacy\"><div class=\"fusion-text fusion-text-7\"><p><!-- ========== FINITION ========== --><\/p>\n<div class=\"recipe-finition reveal\">\n<div class=\"recipe-finition-inner\">\n<div class=\"section-header\" style=\"margin-bottom: 25px;\">\n<div class=\"section-number\">04<\/div>\n<h2 class=\"section-title\">Fertigstellung<\/h2>\n<div class=\"section-divider\"><\/div>\n<\/p>\n<\/div>\n<p>Den Tortenrand f\u00fcr einen eleganten letzten Schliff mit Puderzucker bestreuen.<\/p>\n<\/p>\n<\/div>\n<\/div>\n<\/div><div class=\"fusion-clearfix\"><\/div><\/div><\/div><\/div><\/div>\n<div class=\"fusion-fullwidth fullwidth-box fusion-builder-row-9 hundred-percent-fullwidth non-hundred-percent-height-scrolling\" style=\"--awb-border-radius-top-left:0px;--awb-border-radius-top-right:0px;--awb-border-radius-bottom-right:0px;--awb-border-radius-bottom-left:0px;--awb-padding-top:0px;--awb-padding-right:0px;--awb-padding-bottom:0px;--awb-padding-left:0px;--awb-flex-wrap:wrap;\" ><div class=\"fusion-builder-row fusion-row\"><div class=\"fusion-layout-column fusion_builder_column fusion-builder-column-8 fusion_builder_column_1_1 1_1 fusion-one-full fusion-column-first fusion-column-last\" style=\"--awb-bg-size:cover;--awb-margin-top:0px;--awb-margin-bottom:0px;\"><div class=\"fusion-column-wrapper fusion-flex-column-wrapper-legacy\"><div class=\"fusion-text fusion-text-8\"><p><!-- ========== GALERIE ========== --><\/p>\n<div class=\"recipe-gallery reveal\">\n<div class=\"gallery-header\">\n<div class=\"section-header\">\n<h2 class=\"section-title\">In Bildern<\/h2>\n<div class=\"section-divider\"><\/div>\n<\/p>\n<\/div>\n<\/div>\n<div style=\"margin-bottom: 20px;\">\n<div class=\"gallery-grid\">\n            <img decoding=\"async\" src=\"https:\/\/escale-bleue.fr\/wp-content\/uploads\/2020\/07\/Tarte-double-fromage-vanille-bleue-fb-cover.jpg\" alt=\"Doppelk\u00e4se-Tarte Vanille Bleue\"><br \/>\n            <img decoding=\"async\" src=\"https:\/\/escale-bleue.fr\/wp-content\/uploads\/2020\/07\/Tarte-double-fromage-vanille-bleue-2.jpg\" alt=\"Doppelk\u00e4se-Tarte Vanille Bleue\">\n        <\/div>\n<\/p>\n<\/div>\n<div class=\"gallery-grid three-cols\">\n        <img decoding=\"async\" src=\"https:\/\/escale-bleue.fr\/wp-content\/uploads\/2020\/07\/Etape-1-Creme-a-cuire-au-fromage-blanc.jpg\" alt=\"Schritt 1 \u2014 Backcreme\"><br \/>\n        <img decoding=\"async\" src=\"https:\/\/escale-bleue.fr\/wp-content\/uploads\/2020\/07\/Etape-2-Chantilly.jpg\" alt=\"Schritt 2 \u2014 Chantilly\"><br \/>\n        <img decoding=\"async\" src=\"https:\/\/escale-bleue.fr\/wp-content\/uploads\/2020\/07\/Etape-3-Lissage.jpg\" alt=\"Schritt 3 \u2014 Gl\u00e4tten\">\n    <\/div>\n<\/div>\n<\/div><div class=\"fusion-clearfix\"><\/div><\/div><\/div><\/div><\/div>\n<div class=\"fusion-fullwidth fullwidth-box fusion-builder-row-10 hundred-percent-fullwidth non-hundred-percent-height-scrolling\" style=\"--awb-border-radius-top-left:0px;--awb-border-radius-top-right:0px;--awb-border-radius-bottom-right:0px;--awb-border-radius-bottom-left:0px;--awb-padding-top:0px;--awb-padding-right:0px;--awb-padding-bottom:0px;--awb-padding-left:0px;--awb-flex-wrap:wrap;\" ><div class=\"fusion-builder-row fusion-row\"><div class=\"fusion-layout-column fusion_builder_column fusion-builder-column-9 fusion_builder_column_1_1 1_1 fusion-one-full fusion-column-first fusion-column-last\" style=\"--awb-bg-size:cover;--awb-margin-top:0px;--awb-margin-bottom:0px;\"><div class=\"fusion-column-wrapper fusion-flex-column-wrapper-legacy\"><div class=\"fusion-text fusion-text-9\"><p><!-- ========== CTA ========== --><\/p>\n<div class=\"recipe-cta reveal\">\n<div class=\"recipe-cta-content\">\n<h3 class=\"cta-title\">M\u00f6chten Sie dieses Rezept nachmachen?<\/h3>\n<p class=\"cta-subtitle\">Entdecken Sie unsere Vanille Bleue-Schoten und veredeln Sie Ihre Backkreationen<\/p>\n<div class=\"cta-buttons\">\n            <a href=\"https:\/\/shop.escale-bleue.fr\" class=\"btn btn-primary\">Bestellen<\/a><br \/>\n            <a href=\"https:\/\/escale-bleue.fr\/de\/quest-ce-que-la-vanille-bleue\/\" class=\"btn btn-secondary\">Vanille Bleue entdecken<\/a>\n        <\/div>\n<\/p>\n<\/div>\n<\/div>\n<\/div><div class=\"fusion-clearfix\"><\/div><\/div><\/div><\/div><\/div>\n<div class=\"fusion-fullwidth fullwidth-box fusion-builder-row-11 hundred-percent-fullwidth non-hundred-percent-height-scrolling\" style=\"--awb-border-radius-top-left:0px;--awb-border-radius-top-right:0px;--awb-border-radius-bottom-right:0px;--awb-border-radius-bottom-left:0px;--awb-padding-top:0px;--awb-padding-right:0px;--awb-padding-bottom:0px;--awb-padding-left:0px;--awb-flex-wrap:wrap;\" ><div class=\"fusion-builder-row fusion-row\"><div class=\"fusion-layout-column fusion_builder_column fusion-builder-column-10 fusion_builder_column_1_1 1_1 fusion-one-full fusion-column-first fusion-column-last\" style=\"--awb-bg-size:cover;--awb-margin-top:0px;--awb-margin-bottom:0px;\"><div class=\"fusion-column-wrapper fusion-flex-column-wrapper-legacy\"><script>const reveals = document.querySelectorAll('.reveal');\nconst observer = new IntersectionObserver((entries) => {\n    entries.forEach(entry => {\n        if (entry.isIntersecting) {\n            entry.target.classList.add('visible');\n        }\n    });\n}, { threshold: 0.15 });\nreveals.forEach(el => observer.observe(el));\n<\/script><div class=\"fusion-clearfix\"><\/div><\/div><\/div><\/div><\/div>\n","protected":false},"excerpt":{"rendered":"","protected":false},"author":10,"featured_media":24789,"comment_status":"open","ping_status":"open","sticky":false,"template":"","format":"standard","meta":{"footnotes":""},"categories":[163,160],"tags":[],"class_list":["post-24787","post","type-post","status-publish","format-standard","has-post-thumbnail","hentry","category-desserts","category-rezepte"],"yoast_head":"<!-- This site is optimized with the Yoast SEO Premium plugin v27.4 (Yoast SEO v27.4) - https:\/\/yoast.com\/product\/yoast-seo-premium-wordpress\/ -->\n<title>Doppelk\u00e4se-Tarte Vanille Bleue<\/title>\n<meta name=\"description\" content=\"Doppelk\u00e4se-Tarte mit einer gebackenen Quarkcreme, bedeckt mit einer zarten Vanille Bleue-Chantilly.\" \/>\n<meta name=\"robots\" content=\"index, follow, max-snippet:-1, max-image-preview:large, max-video-preview:-1\" \/>\n<link rel=\"canonical\" href=\"https:\/\/escale-bleue.fr\/de\/2020\/07\/05\/tarte-double-fromage-vanille-bleue\/\" \/>\n<meta property=\"og:locale\" content=\"de_DE\" \/>\n<meta property=\"og:type\" content=\"article\" \/>\n<meta property=\"og:title\" content=\"Doppelk\u00e4se-Tarte Vanille Bleue\" \/>\n<meta property=\"og:description\" content=\"Doppelk\u00e4se-Tarte mit einer gebackenen Quarkcreme, bedeckt mit einer zarten Vanille Bleue-Chantilly.\" \/>\n<meta property=\"og:url\" content=\"https:\/\/escale-bleue.fr\/de\/2020\/07\/05\/tarte-double-fromage-vanille-bleue\/\" \/>\n<meta property=\"og:site_name\" content=\"Escale Bleue - Atelier Vanille\" \/>\n<meta property=\"article:publisher\" content=\"https:\/\/www.facebook.com\/Escalebleue\" \/>\n<meta property=\"article:author\" content=\"https:\/\/www.facebook.com\/Escalebleue\" \/>\n<meta property=\"article:published_time\" content=\"2020-07-05T15:37:59+00:00\" \/>\n<meta property=\"article:modified_time\" content=\"2026-03-24T16:45:40+00:00\" \/>\n<meta property=\"og:image\" content=\"http:\/\/escale-bleue.fr\/wp-content\/uploads\/2020\/07\/Tarte-double-fromage-vanille-bleue-fb-cover.jpg\" \/>\n<meta name=\"author\" content=\"Nicole Leichnig\" \/>\n<meta name=\"twitter:card\" content=\"summary_large_image\" \/>\n<meta name=\"twitter:title\" content=\"Doppelk\u00e4se-Tarte Vanille Bleue\" \/>\n<meta name=\"twitter:creator\" content=\"@EscaleBleue\" \/>\n<meta name=\"twitter:site\" content=\"@EscaleBleue\" \/>\n<meta name=\"twitter:label1\" content=\"Verfasst von\" \/>\n\t<meta name=\"twitter:data1\" content=\"Nicole Leichnig\" \/>\n\t<meta name=\"twitter:label2\" content=\"Gesch\u00e4tzte Lesezeit\" \/>\n\t<meta name=\"twitter:data2\" content=\"8\u00a0Minuten\" \/>\n<script type=\"application\/ld+json\" class=\"yoast-schema-graph\">{\"@context\":\"https:\\\/\\\/schema.org\",\"@graph\":[{\"@type\":\"Article\",\"@id\":\"https:\\\/\\\/escale-bleue.fr\\\/de\\\/2020\\\/07\\\/05\\\/tarte-double-fromage-vanille-bleue\\\/#article\",\"isPartOf\":{\"@id\":\"https:\\\/\\\/escale-bleue.fr\\\/de\\\/2020\\\/07\\\/05\\\/tarte-double-fromage-vanille-bleue\\\/\"},\"author\":{\"name\":\"Nicole Leichnig\",\"@id\":\"https:\\\/\\\/escale-bleue.fr\\\/de\\\/#\\\/schema\\\/person\\\/1f70b901d3638943e7b936ac6ddf7ace\"},\"headline\":\"Doppelk\u00e4se-Tarte Vanille Bleue\",\"datePublished\":\"2020-07-05T15:37:59+00:00\",\"dateModified\":\"2026-03-24T16:45:40+00:00\",\"mainEntityOfPage\":{\"@id\":\"https:\\\/\\\/escale-bleue.fr\\\/de\\\/2020\\\/07\\\/05\\\/tarte-double-fromage-vanille-bleue\\\/\"},\"wordCount\":1625,\"commentCount\":0,\"publisher\":{\"@id\":\"https:\\\/\\\/escale-bleue.fr\\\/de\\\/#organization\"},\"image\":{\"@id\":\"https:\\\/\\\/escale-bleue.fr\\\/de\\\/2020\\\/07\\\/05\\\/tarte-double-fromage-vanille-bleue\\\/#primaryimage\"},\"thumbnailUrl\":\"https:\\\/\\\/escale-bleue.fr\\\/wp-content\\\/uploads\\\/2020\\\/07\\\/tarte-double-fromage-vanille-bleue-featured-1.jpg\",\"articleSection\":[\"Desserts\",\"Rezepte\"],\"inLanguage\":\"de\",\"potentialAction\":[{\"@type\":\"CommentAction\",\"name\":\"Comment\",\"target\":[\"https:\\\/\\\/escale-bleue.fr\\\/de\\\/2020\\\/07\\\/05\\\/tarte-double-fromage-vanille-bleue\\\/#respond\"]}]},{\"@type\":\"WebPage\",\"@id\":\"https:\\\/\\\/escale-bleue.fr\\\/de\\\/2020\\\/07\\\/05\\\/tarte-double-fromage-vanille-bleue\\\/\",\"url\":\"https:\\\/\\\/escale-bleue.fr\\\/de\\\/2020\\\/07\\\/05\\\/tarte-double-fromage-vanille-bleue\\\/\",\"name\":\"Doppelk\u00e4se-Tarte Vanille Bleue\",\"isPartOf\":{\"@id\":\"https:\\\/\\\/escale-bleue.fr\\\/de\\\/#website\"},\"primaryImageOfPage\":{\"@id\":\"https:\\\/\\\/escale-bleue.fr\\\/de\\\/2020\\\/07\\\/05\\\/tarte-double-fromage-vanille-bleue\\\/#primaryimage\"},\"image\":{\"@id\":\"https:\\\/\\\/escale-bleue.fr\\\/de\\\/2020\\\/07\\\/05\\\/tarte-double-fromage-vanille-bleue\\\/#primaryimage\"},\"thumbnailUrl\":\"https:\\\/\\\/escale-bleue.fr\\\/wp-content\\\/uploads\\\/2020\\\/07\\\/tarte-double-fromage-vanille-bleue-featured-1.jpg\",\"datePublished\":\"2020-07-05T15:37:59+00:00\",\"dateModified\":\"2026-03-24T16:45:40+00:00\",\"description\":\"Doppelk\u00e4se-Tarte mit einer gebackenen Quarkcreme, bedeckt mit einer zarten Vanille Bleue-Chantilly.\",\"breadcrumb\":{\"@id\":\"https:\\\/\\\/escale-bleue.fr\\\/de\\\/2020\\\/07\\\/05\\\/tarte-double-fromage-vanille-bleue\\\/#breadcrumb\"},\"inLanguage\":\"de\",\"potentialAction\":[{\"@type\":\"ReadAction\",\"target\":[\"https:\\\/\\\/escale-bleue.fr\\\/de\\\/2020\\\/07\\\/05\\\/tarte-double-fromage-vanille-bleue\\\/\"]}]},{\"@type\":\"ImageObject\",\"inLanguage\":\"de\",\"@id\":\"https:\\\/\\\/escale-bleue.fr\\\/de\\\/2020\\\/07\\\/05\\\/tarte-double-fromage-vanille-bleue\\\/#primaryimage\",\"url\":\"https:\\\/\\\/escale-bleue.fr\\\/wp-content\\\/uploads\\\/2020\\\/07\\\/tarte-double-fromage-vanille-bleue-featured-1.jpg\",\"contentUrl\":\"https:\\\/\\\/escale-bleue.fr\\\/wp-content\\\/uploads\\\/2020\\\/07\\\/tarte-double-fromage-vanille-bleue-featured-1.jpg\",\"width\":373,\"height\":343},{\"@type\":\"BreadcrumbList\",\"@id\":\"https:\\\/\\\/escale-bleue.fr\\\/de\\\/2020\\\/07\\\/05\\\/tarte-double-fromage-vanille-bleue\\\/#breadcrumb\",\"itemListElement\":[{\"@type\":\"ListItem\",\"position\":1,\"name\":\"Accueil\",\"item\":\"https:\\\/\\\/escale-bleue.fr\\\/de\\\/\"},{\"@type\":\"ListItem\",\"position\":2,\"name\":\"Doppelk\u00e4se-Tarte Vanille Bleue\"}]},{\"@type\":\"WebSite\",\"@id\":\"https:\\\/\\\/escale-bleue.fr\\\/de\\\/#website\",\"url\":\"https:\\\/\\\/escale-bleue.fr\\\/de\\\/\",\"name\":\"Escale Bleue - Atelier Vanille \u00e0 la R\u00e9union\",\"description\":\"\",\"publisher\":{\"@id\":\"https:\\\/\\\/escale-bleue.fr\\\/de\\\/#organization\"},\"potentialAction\":[{\"@type\":\"SearchAction\",\"target\":{\"@type\":\"EntryPoint\",\"urlTemplate\":\"https:\\\/\\\/escale-bleue.fr\\\/de\\\/?s={search_term_string}\"},\"query-input\":{\"@type\":\"PropertyValueSpecification\",\"valueRequired\":true,\"valueName\":\"search_term_string\"}}],\"inLanguage\":\"de\"},{\"@type\":\"Organization\",\"@id\":\"https:\\\/\\\/escale-bleue.fr\\\/de\\\/#organization\",\"name\":\"Escale Bleue - Atelier Vanille R\u00e9union\",\"url\":\"https:\\\/\\\/escale-bleue.fr\\\/de\\\/\",\"logo\":{\"@type\":\"ImageObject\",\"inLanguage\":\"de\",\"@id\":\"https:\\\/\\\/escale-bleue.fr\\\/de\\\/#\\\/schema\\\/logo\\\/image\\\/\",\"url\":\"https:\\\/\\\/escale-bleue.fr\\\/wp-content\\\/uploads\\\/2026\\\/02\\\/logo_escale_bleue_b9afa1.png\",\"contentUrl\":\"https:\\\/\\\/escale-bleue.fr\\\/wp-content\\\/uploads\\\/2026\\\/02\\\/logo_escale_bleue_b9afa1.png\",\"width\":400,\"height\":218,\"caption\":\"Escale Bleue - Atelier Vanille R\u00e9union\"},\"image\":{\"@id\":\"https:\\\/\\\/escale-bleue.fr\\\/de\\\/#\\\/schema\\\/logo\\\/image\\\/\"},\"sameAs\":[\"https:\\\/\\\/www.facebook.com\\\/Escalebleue\",\"https:\\\/\\\/x.com\\\/EscaleBleue\",\"https:\\\/\\\/www.instagram.com\\\/escalebleue\\\/\"]},{\"@type\":\"Person\",\"@id\":\"https:\\\/\\\/escale-bleue.fr\\\/de\\\/#\\\/schema\\\/person\\\/1f70b901d3638943e7b936ac6ddf7ace\",\"name\":\"Nicole Leichnig\",\"image\":{\"@type\":\"ImageObject\",\"inLanguage\":\"de\",\"@id\":\"https:\\\/\\\/secure.gravatar.com\\\/avatar\\\/15a0db87cde0573ac8ec5d40671a1ec96c5218edceb4dc06eed820d664a8d63e?s=96&d=mm&r=g\",\"url\":\"https:\\\/\\\/secure.gravatar.com\\\/avatar\\\/15a0db87cde0573ac8ec5d40671a1ec96c5218edceb4dc06eed820d664a8d63e?s=96&d=mm&r=g\",\"contentUrl\":\"https:\\\/\\\/secure.gravatar.com\\\/avatar\\\/15a0db87cde0573ac8ec5d40671a1ec96c5218edceb4dc06eed820d664a8d63e?s=96&d=mm&r=g\",\"caption\":\"Nicole Leichnig\"},\"description\":\"Nicole Leichnig est co-fondatrice d'Escale Bleue et cr\u00e9atrice de la Vanille Bleue, la premi\u00e8re gousse de vanille brevet\u00e9e au monde. Depuis 1986, elle produit et affine la vanille \u00e0 Saint-Philippe, La R\u00e9union. Son proc\u00e9d\u00e9 d'affinage exclusif rend la gousse 100% comestible et d'une qualit\u00e9 aromatique rare \u2014 une innovation r\u00e9compens\u00e9e par le Diamond Taste Award 2024, la plus haute distinction de l'International Taste Institute, apr\u00e8s une d\u00e9cennie de notes maximales d\u00e9cern\u00e9es par 120 chefs \u00e9toil\u00e9s. Disciple d'Escoffier (2014) et Toque Fran\u00e7aise (2020), Nicole transmet son savoir-faire \u00e0 travers des visites guid\u00e9es et l'accueil de chercheurs sur la biodiversit\u00e9 du Sud Sauvage.\",\"sameAs\":[\"https:\\\/\\\/escale-bleue.fr\",\"https:\\\/\\\/www.facebook.com\\\/Escalebleue\",\"https:\\\/\\\/www.instagram.com\\\/escalebleue\\\/\"],\"gender\":\"femme\",\"knowsAbout\":[\"Affinage de vanille\",\"Vanille Bleue\",\"Vanille de La R\u00e9union\",\"Gastronomie\"],\"knowsLanguage\":[\"Fran\u00e7ais\",\"Anglais\"],\"jobTitle\":\"Co-fondatrice et affineuse de vanille\",\"worksFor\":\"Escale Bleue\",\"url\":\"https:\\\/\\\/escale-bleue.fr\\\/de\\\/author\\\/nicole-leichnig\\\/\"}]}<\/script>\n<!-- \/ Yoast SEO Premium plugin. -->","yoast_head_json":{"title":"Doppelk\u00e4se-Tarte Vanille Bleue","description":"Doppelk\u00e4se-Tarte mit einer gebackenen Quarkcreme, bedeckt mit einer zarten Vanille Bleue-Chantilly.","robots":{"index":"index","follow":"follow","max-snippet":"max-snippet:-1","max-image-preview":"max-image-preview:large","max-video-preview":"max-video-preview:-1"},"canonical":"https:\/\/escale-bleue.fr\/de\/2020\/07\/05\/tarte-double-fromage-vanille-bleue\/","og_locale":"de_DE","og_type":"article","og_title":"Doppelk\u00e4se-Tarte Vanille Bleue","og_description":"Doppelk\u00e4se-Tarte mit einer gebackenen Quarkcreme, bedeckt mit einer zarten Vanille Bleue-Chantilly.","og_url":"https:\/\/escale-bleue.fr\/de\/2020\/07\/05\/tarte-double-fromage-vanille-bleue\/","og_site_name":"Escale Bleue - Atelier Vanille","article_publisher":"https:\/\/www.facebook.com\/Escalebleue","article_author":"https:\/\/www.facebook.com\/Escalebleue","article_published_time":"2020-07-05T15:37:59+00:00","article_modified_time":"2026-03-24T16:45:40+00:00","og_image":[{"url":"http:\/\/escale-bleue.fr\/wp-content\/uploads\/2020\/07\/Tarte-double-fromage-vanille-bleue-fb-cover.jpg","type":"","width":"","height":""}],"author":"Nicole Leichnig","twitter_card":"summary_large_image","twitter_title":"Doppelk\u00e4se-Tarte Vanille Bleue","twitter_creator":"@EscaleBleue","twitter_site":"@EscaleBleue","twitter_misc":{"Verfasst von":"Nicole Leichnig","Gesch\u00e4tzte Lesezeit":"8\u00a0Minuten"},"schema":{"@context":"https:\/\/schema.org","@graph":[{"@type":"Article","@id":"https:\/\/escale-bleue.fr\/de\/2020\/07\/05\/tarte-double-fromage-vanille-bleue\/#article","isPartOf":{"@id":"https:\/\/escale-bleue.fr\/de\/2020\/07\/05\/tarte-double-fromage-vanille-bleue\/"},"author":{"name":"Nicole Leichnig","@id":"https:\/\/escale-bleue.fr\/de\/#\/schema\/person\/1f70b901d3638943e7b936ac6ddf7ace"},"headline":"Doppelk\u00e4se-Tarte Vanille Bleue","datePublished":"2020-07-05T15:37:59+00:00","dateModified":"2026-03-24T16:45:40+00:00","mainEntityOfPage":{"@id":"https:\/\/escale-bleue.fr\/de\/2020\/07\/05\/tarte-double-fromage-vanille-bleue\/"},"wordCount":1625,"commentCount":0,"publisher":{"@id":"https:\/\/escale-bleue.fr\/de\/#organization"},"image":{"@id":"https:\/\/escale-bleue.fr\/de\/2020\/07\/05\/tarte-double-fromage-vanille-bleue\/#primaryimage"},"thumbnailUrl":"https:\/\/escale-bleue.fr\/wp-content\/uploads\/2020\/07\/tarte-double-fromage-vanille-bleue-featured-1.jpg","articleSection":["Desserts","Rezepte"],"inLanguage":"de","potentialAction":[{"@type":"CommentAction","name":"Comment","target":["https:\/\/escale-bleue.fr\/de\/2020\/07\/05\/tarte-double-fromage-vanille-bleue\/#respond"]}]},{"@type":"WebPage","@id":"https:\/\/escale-bleue.fr\/de\/2020\/07\/05\/tarte-double-fromage-vanille-bleue\/","url":"https:\/\/escale-bleue.fr\/de\/2020\/07\/05\/tarte-double-fromage-vanille-bleue\/","name":"Doppelk\u00e4se-Tarte Vanille Bleue","isPartOf":{"@id":"https:\/\/escale-bleue.fr\/de\/#website"},"primaryImageOfPage":{"@id":"https:\/\/escale-bleue.fr\/de\/2020\/07\/05\/tarte-double-fromage-vanille-bleue\/#primaryimage"},"image":{"@id":"https:\/\/escale-bleue.fr\/de\/2020\/07\/05\/tarte-double-fromage-vanille-bleue\/#primaryimage"},"thumbnailUrl":"https:\/\/escale-bleue.fr\/wp-content\/uploads\/2020\/07\/tarte-double-fromage-vanille-bleue-featured-1.jpg","datePublished":"2020-07-05T15:37:59+00:00","dateModified":"2026-03-24T16:45:40+00:00","description":"Doppelk\u00e4se-Tarte mit einer gebackenen Quarkcreme, bedeckt mit einer zarten Vanille Bleue-Chantilly.","breadcrumb":{"@id":"https:\/\/escale-bleue.fr\/de\/2020\/07\/05\/tarte-double-fromage-vanille-bleue\/#breadcrumb"},"inLanguage":"de","potentialAction":[{"@type":"ReadAction","target":["https:\/\/escale-bleue.fr\/de\/2020\/07\/05\/tarte-double-fromage-vanille-bleue\/"]}]},{"@type":"ImageObject","inLanguage":"de","@id":"https:\/\/escale-bleue.fr\/de\/2020\/07\/05\/tarte-double-fromage-vanille-bleue\/#primaryimage","url":"https:\/\/escale-bleue.fr\/wp-content\/uploads\/2020\/07\/tarte-double-fromage-vanille-bleue-featured-1.jpg","contentUrl":"https:\/\/escale-bleue.fr\/wp-content\/uploads\/2020\/07\/tarte-double-fromage-vanille-bleue-featured-1.jpg","width":373,"height":343},{"@type":"BreadcrumbList","@id":"https:\/\/escale-bleue.fr\/de\/2020\/07\/05\/tarte-double-fromage-vanille-bleue\/#breadcrumb","itemListElement":[{"@type":"ListItem","position":1,"name":"Accueil","item":"https:\/\/escale-bleue.fr\/de\/"},{"@type":"ListItem","position":2,"name":"Doppelk\u00e4se-Tarte Vanille Bleue"}]},{"@type":"WebSite","@id":"https:\/\/escale-bleue.fr\/de\/#website","url":"https:\/\/escale-bleue.fr\/de\/","name":"Escale Bleue - Atelier Vanille \u00e0 la R\u00e9union","description":"","publisher":{"@id":"https:\/\/escale-bleue.fr\/de\/#organization"},"potentialAction":[{"@type":"SearchAction","target":{"@type":"EntryPoint","urlTemplate":"https:\/\/escale-bleue.fr\/de\/?s={search_term_string}"},"query-input":{"@type":"PropertyValueSpecification","valueRequired":true,"valueName":"search_term_string"}}],"inLanguage":"de"},{"@type":"Organization","@id":"https:\/\/escale-bleue.fr\/de\/#organization","name":"Escale Bleue - Atelier Vanille R\u00e9union","url":"https:\/\/escale-bleue.fr\/de\/","logo":{"@type":"ImageObject","inLanguage":"de","@id":"https:\/\/escale-bleue.fr\/de\/#\/schema\/logo\/image\/","url":"https:\/\/escale-bleue.fr\/wp-content\/uploads\/2026\/02\/logo_escale_bleue_b9afa1.png","contentUrl":"https:\/\/escale-bleue.fr\/wp-content\/uploads\/2026\/02\/logo_escale_bleue_b9afa1.png","width":400,"height":218,"caption":"Escale Bleue - Atelier Vanille R\u00e9union"},"image":{"@id":"https:\/\/escale-bleue.fr\/de\/#\/schema\/logo\/image\/"},"sameAs":["https:\/\/www.facebook.com\/Escalebleue","https:\/\/x.com\/EscaleBleue","https:\/\/www.instagram.com\/escalebleue\/"]},{"@type":"Person","@id":"https:\/\/escale-bleue.fr\/de\/#\/schema\/person\/1f70b901d3638943e7b936ac6ddf7ace","name":"Nicole Leichnig","image":{"@type":"ImageObject","inLanguage":"de","@id":"https:\/\/secure.gravatar.com\/avatar\/15a0db87cde0573ac8ec5d40671a1ec96c5218edceb4dc06eed820d664a8d63e?s=96&d=mm&r=g","url":"https:\/\/secure.gravatar.com\/avatar\/15a0db87cde0573ac8ec5d40671a1ec96c5218edceb4dc06eed820d664a8d63e?s=96&d=mm&r=g","contentUrl":"https:\/\/secure.gravatar.com\/avatar\/15a0db87cde0573ac8ec5d40671a1ec96c5218edceb4dc06eed820d664a8d63e?s=96&d=mm&r=g","caption":"Nicole Leichnig"},"description":"Nicole Leichnig est co-fondatrice d'Escale Bleue et cr\u00e9atrice de la Vanille Bleue, la premi\u00e8re gousse de vanille brevet\u00e9e au monde. Depuis 1986, elle produit et affine la vanille \u00e0 Saint-Philippe, La R\u00e9union. Son proc\u00e9d\u00e9 d'affinage exclusif rend la gousse 100% comestible et d'une qualit\u00e9 aromatique rare \u2014 une innovation r\u00e9compens\u00e9e par le Diamond Taste Award 2024, la plus haute distinction de l'International Taste Institute, apr\u00e8s une d\u00e9cennie de notes maximales d\u00e9cern\u00e9es par 120 chefs \u00e9toil\u00e9s. Disciple d'Escoffier (2014) et Toque Fran\u00e7aise (2020), Nicole transmet son savoir-faire \u00e0 travers des visites guid\u00e9es et l'accueil de chercheurs sur la biodiversit\u00e9 du Sud Sauvage.","sameAs":["https:\/\/escale-bleue.fr","https:\/\/www.facebook.com\/Escalebleue","https:\/\/www.instagram.com\/escalebleue\/"],"gender":"femme","knowsAbout":["Affinage de vanille","Vanille Bleue","Vanille de La R\u00e9union","Gastronomie"],"knowsLanguage":["Fran\u00e7ais","Anglais"],"jobTitle":"Co-fondatrice et affineuse de vanille","worksFor":"Escale Bleue","url":"https:\/\/escale-bleue.fr\/de\/author\/nicole-leichnig\/"}]}},"_links":{"self":[{"href":"https:\/\/escale-bleue.fr\/de\/wp-json\/wp\/v2\/posts\/24787","targetHints":{"allow":["GET"]}}],"collection":[{"href":"https:\/\/escale-bleue.fr\/de\/wp-json\/wp\/v2\/posts"}],"about":[{"href":"https:\/\/escale-bleue.fr\/de\/wp-json\/wp\/v2\/types\/post"}],"author":[{"embeddable":true,"href":"https:\/\/escale-bleue.fr\/de\/wp-json\/wp\/v2\/users\/10"}],"replies":[{"embeddable":true,"href":"https:\/\/escale-bleue.fr\/de\/wp-json\/wp\/v2\/comments?post=24787"}],"version-history":[{"count":1,"href":"https:\/\/escale-bleue.fr\/de\/wp-json\/wp\/v2\/posts\/24787\/revisions"}],"predecessor-version":[{"id":24792,"href":"https:\/\/escale-bleue.fr\/de\/wp-json\/wp\/v2\/posts\/24787\/revisions\/24792"}],"wp:featuredmedia":[{"embeddable":true,"href":"https:\/\/escale-bleue.fr\/de\/wp-json\/wp\/v2\/media\/24789"}],"wp:attachment":[{"href":"https:\/\/escale-bleue.fr\/de\/wp-json\/wp\/v2\/media?parent=24787"}],"wp:term":[{"taxonomy":"category","embeddable":true,"href":"https:\/\/escale-bleue.fr\/de\/wp-json\/wp\/v2\/categories?post=24787"},{"taxonomy":"post_tag","embeddable":true,"href":"https:\/\/escale-bleue.fr\/de\/wp-json\/wp\/v2\/tags?post=24787"}],"curies":[{"name":"wp","href":"https:\/\/api.w.org\/{rel}","templated":true}]}}