{"id":24793,"date":"2018-02-14T05:46:33","date_gmt":"2018-02-14T03:46:33","guid":{"rendered":"https:\/\/escale-bleue.fr\/2018\/02\/14\/feuillete-aux-fraises-vanille-bleue\/"},"modified":"2026-03-24T18:52:25","modified_gmt":"2026-03-24T16:52:25","slug":"feuillete-aux-fraises-vanille-bleue","status":"publish","type":"post","link":"https:\/\/escale-bleue.fr\/de\/2018\/02\/14\/feuillete-aux-fraises-vanille-bleue\/","title":{"rendered":"Erdbeer-Bl\u00e4tterteiggeb\u00e4ck mit Vanille Bleue"},"content":{"rendered":"<div class=\"fusion-fullwidth fullwidth-box fusion-builder-row-1 hundred-percent-fullwidth non-hundred-percent-height-scrolling\" style=\"--awb-border-radius-top-left:0px;--awb-border-radius-top-right:0px;--awb-border-radius-bottom-right:0px;--awb-border-radius-bottom-left:0px;--awb-padding-top:0px;--awb-padding-right:0px;--awb-padding-bottom:0px;--awb-padding-left:0px;--awb-flex-wrap:wrap;\" ><div class=\"fusion-builder-row fusion-row\"><div class=\"fusion-layout-column fusion_builder_column fusion-builder-column-0 fusion_builder_column_1_1 1_1 fusion-one-full fusion-column-first fusion-column-last\" style=\"--awb-bg-size:cover;--awb-margin-top:0px;--awb-margin-bottom:0px;\"><div class=\"fusion-column-wrapper fusion-flex-column-wrapper-legacy\"><link rel=\"stylesheet\" href=\"https:\/\/escale-bleue.fr\/wp-content\/uploads\/recipe-style.css?v=6\">\n<link rel=\"stylesheet\" href=\"https:\/\/cdnjs.cloudflare.com\/ajax\/libs\/font-awesome\/6.5.1\/css\/all.min.css\"><div class=\"fusion-clearfix\"><\/div><\/div><\/div><\/div><\/div>\n<div class=\"fusion-fullwidth fullwidth-box fusion-builder-row-2 hundred-percent-fullwidth non-hundred-percent-height-scrolling\" style=\"--awb-border-radius-top-left:0px;--awb-border-radius-top-right:0px;--awb-border-radius-bottom-right:0px;--awb-border-radius-bottom-left:0px;--awb-padding-top:0px;--awb-padding-right:0px;--awb-padding-bottom:0px;--awb-padding-left:0px;--awb-flex-wrap:wrap;\" ><div class=\"fusion-builder-row fusion-row\"><div class=\"fusion-layout-column fusion_builder_column fusion-builder-column-1 fusion_builder_column_1_1 1_1 fusion-one-full fusion-column-first fusion-column-last\" style=\"--awb-bg-size:cover;--awb-margin-top:0px;--awb-margin-bottom:0px;\"><div class=\"fusion-column-wrapper fusion-flex-column-wrapper-legacy\"><div class=\"fusion-text fusion-text-1\"><div class=\"recipe-header\">\n<div class=\"recipe-header-content\">\n<div class=\"recipe-category animate animate-delay-1\">Rezept<\/div>\n<h1 class=\"recipe-title animate animate-delay-2\">Herzf\u00f6rmiges Erdbeer-Bl\u00e4tterteiggeb\u00e4ck<br \/>mit Vanille Bleue<\/h1>\n<p class=\"recipe-subtitle animate animate-delay-3\">von <a href=\"#\">Thopat Leichnig<\/a>, Chef-P\u00e2tissi\u00e8re von Escale Bleue<\/p>\n<div class=\"social-icons animate animate-delay-4\"><a href=\"https:\/\/www.facebook.com\/Escalebleue\" target=\"_blank\" class=\"social-icon\" title=\"Facebook\"><i class=\"fab fa-facebook-f\"><\/i><\/a><a href=\"https:\/\/www.instagram.com\/escalebleue\/\" target=\"_blank\" class=\"social-icon\" title=\"Instagram\"><i class=\"fab fa-instagram\"><\/i><\/a><\/div>\n<div class=\"chef-avatar-wrap animate animate-delay-4\"><img decoding=\"async\" class=\"chef-avatar\" src=\"https:\/\/escale-bleue.fr\/wp-content\/uploads\/2026\/02\/chef-thopat-feuilletes-fraise.png\" alt=\"Thopat Leichnig \u2014 Chef-P\u00e2tissi\u00e8re Escale Bleue\"><\/div>\n<\/p>\n<\/div>\n<\/div>\n<\/div><div class=\"fusion-clearfix\"><\/div><\/div><\/div><\/div><\/div>\n<div class=\"fusion-fullwidth fullwidth-box fusion-builder-row-3 hundred-percent-fullwidth non-hundred-percent-height-scrolling\" style=\"--awb-border-radius-top-left:0px;--awb-border-radius-top-right:0px;--awb-border-radius-bottom-right:0px;--awb-border-radius-bottom-left:0px;--awb-padding-top:0px;--awb-padding-right:0px;--awb-padding-bottom:0px;--awb-padding-left:0px;--awb-flex-wrap:wrap;\" ><div class=\"fusion-builder-row fusion-row\"><div class=\"fusion-layout-column fusion_builder_column fusion-builder-column-2 fusion_builder_column_1_1 1_1 fusion-one-full fusion-column-first fusion-column-last\" style=\"--awb-bg-size:cover;--awb-margin-top:0px;--awb-margin-bottom:0px;\"><div class=\"fusion-column-wrapper fusion-flex-column-wrapper-legacy\"><div class=\"fusion-text fusion-text-2\"><div class=\"recipe-meta\">\n<div class=\"recipe-meta-inner\">\n<div class=\"meta-item\">\n<div class=\"meta-icon\"><i class=\"fas fa-signal\"><\/i><\/div>\n<div class=\"meta-label\">Schwierigkeitsgrad<\/div>\n<div class=\"meta-value\">Einfach<\/div>\n<\/p>\n<\/div>\n<div class=\"meta-item\">\n<div class=\"meta-icon\"><i class=\"far fa-clock\"><\/i><\/div>\n<div class=\"meta-label\">Zubereitung<\/div>\n<div class=\"meta-value\">10 Min. + Backzeit 15\u201317 Min.<\/div>\n<\/p>\n<\/div>\n<div class=\"meta-item\">\n<div class=\"meta-icon\"><i class=\"fas fa-layer-group\"><\/i><\/div>\n<div class=\"meta-label\">Menge<\/div>\n<div class=\"meta-value\">6 einzelne Herzen \u2300 10 cm<\/div>\n<\/p>\n<\/div>\n<div class=\"meta-item\">\n<div class=\"meta-icon\"><i class=\"fas fa-seedling\"><\/i><\/div>\n<div class=\"meta-label\">Vanille Bleue<\/div>\n<div class=\"meta-value\">3 cm einer Schote<\/div>\n<\/p>\n<\/div>\n<\/div>\n<\/div>\n<\/div><div class=\"fusion-clearfix\"><\/div><\/div><\/div><\/div><\/div>\n<div class=\"fusion-fullwidth fullwidth-box fusion-builder-row-4 hundred-percent-fullwidth non-hundred-percent-height-scrolling\" style=\"--awb-border-radius-top-left:0px;--awb-border-radius-top-right:0px;--awb-border-radius-bottom-right:0px;--awb-border-radius-bottom-left:0px;--awb-padding-top:0px;--awb-padding-right:0px;--awb-padding-bottom:0px;--awb-padding-left:0px;--awb-flex-wrap:wrap;\" ><div class=\"fusion-builder-row fusion-row\"><div class=\"fusion-layout-column fusion_builder_column fusion-builder-column-3 fusion_builder_column_1_1 1_1 fusion-one-full fusion-column-first fusion-column-last\" style=\"--awb-bg-size:cover;--awb-margin-top:0px;--awb-margin-bottom:0px;\"><div class=\"fusion-column-wrapper fusion-flex-column-wrapper-legacy\"><div class=\"fusion-text fusion-text-3\"><div class=\"recipe-intro reveal\">\n<div class=\"recipe-intro-text\">\n<p>Kleines herzf\u00f6rmiges Dessert mit <strong>Erdbeeren<\/strong>, Frischk\u00e4se und <strong>Vanille Bleue<\/strong>. Ein schnelles und einfaches Rezept, das bei besonderen Anl\u00e4ssen wie dem <strong>Valentinstag<\/strong>, Muttertag oder einfach als kleine Aufmerksamkeit beeindruckt. <\/p>\n<\/p>\n<\/div>\n<div class=\"recipe-intro-image\">\n        <img decoding=\"async\" src=\"http:\/\/escale-bleue.fr\/wp-content\/uploads\/2018\/02\/IMG_0904-Medium.jpg\" alt=\"Herzf\u00f6rmiges Erdbeer-Bl\u00e4tterteiggeb\u00e4ck mit Vanille Bleue \u2014 Valentinstag Escale Bleue\">\n    <\/div>\n<\/div>\n<\/div><div class=\"fusion-clearfix\"><\/div><\/div><\/div><\/div><\/div>\n<div class=\"fusion-fullwidth fullwidth-box fusion-builder-row-5 hundred-percent-fullwidth non-hundred-percent-height-scrolling\" style=\"--awb-border-radius-top-left:0px;--awb-border-radius-top-right:0px;--awb-border-radius-bottom-right:0px;--awb-border-radius-bottom-left:0px;--awb-padding-top:0px;--awb-padding-right:0px;--awb-padding-bottom:0px;--awb-padding-left:0px;--awb-flex-wrap:wrap;\" ><div class=\"fusion-builder-row fusion-row\"><div class=\"fusion-layout-column fusion_builder_column fusion-builder-column-4 fusion_builder_column_1_1 1_1 fusion-one-full fusion-column-first fusion-column-last\" style=\"--awb-bg-size:cover;--awb-margin-top:0px;--awb-margin-bottom:0px;\"><div class=\"fusion-column-wrapper fusion-flex-column-wrapper-legacy\"><div class=\"fusion-text fusion-text-4\"><div class=\"recipe-section reveal\">\n<div class=\"section-header\">\n<div class=\"section-number\">01<\/div>\n<h2 class=\"section-title\">Herzf\u00f6rmiges Erdbeer-Bl\u00e4tterteiggeb\u00e4ck<\/h2>\n<div class=\"section-divider\"><\/div>\n<\/p>\n<\/div>\n<div class=\"recipe-columns\">\n<div class=\"ingredients-card\">\n<div class=\"ingredients-label\"><i class=\"fas fa-list\"><\/i>  Zutaten<\/div>\n<ul class=\"ingredients-list\">\n<li><span class=\"ingredient-name\">Reiner Butter-Bl\u00e4tterteig<\/span><span class=\"ingredient-qty\">1 Packung<\/span><\/li>\n<li><span class=\"ingredient-name\">Philadelphia Frischk\u00e4se (Zimmertemp.)<\/span><span class=\"ingredient-qty\">100 g<\/span><\/li>\n<li><span class=\"ingredient-name\">Zucker<\/span><span class=\"ingredient-qty\">40 g<\/span><\/li>\n<li><span class=\"ingredient-name\"><a class=\"ingredient-link\" href=\"https:\/\/shop.escale-bleue.fr\/products\/gousses-de-vanille-bleue\">Vanille Bleue<\/a><\/span><span class=\"ingredient-qty\">3 cm<\/span><\/li>\n<li><span class=\"ingredient-name\">Erdbeeren (feine Scheiben)<\/span><span class=\"ingredient-qty\">250 g<\/span><\/li>\n<li><span class=\"ingredient-name\">Ei (verquirlt zum Bestreichen)<\/span><span class=\"ingredient-qty\">1<\/span><\/li>\n<li><span class=\"ingredient-name\">Puderzucker zum Bestreuen (optional)<\/span><span class=\"ingredient-qty\">n. B.<\/span><\/li>\n<li><span class=\"ingredient-name\">Gr\u00fcner Fondant f\u00fcr Bl\u00e4tter (optional)<\/span><span class=\"ingredient-qty\">n. B.<\/span><\/li>\n<\/ul>\n<\/div>\n<div class=\"method-content\">\n<p>Den Backofen auf 200 \u00b0C vorheizen. Ein Backblech mit Backpapier auslegen. <\/p>\n<p>In einer kleinen Sch\u00fcssel den <strong>Frischk\u00e4se<\/strong> glatt r\u00fchren. Den Zucker und die <a href=\"https:\/\/shop.escale-bleue.fr\/products\/gousses-de-vanille-bleue\"><strong>Vanille Bleue<\/strong><\/a> hinzuf\u00fcgen und gut vermischen. <\/p>\n<p>Den Bl\u00e4tterteig mit einer herzf\u00f6rmigen Ausstechform in 5\u20136 St\u00fccke schneiden. Den restlichen Teig mit einer blumenf\u00f6rmigen Ausstechform ausstechen, die Blumen dann halbieren und so formen, dass sie kunstvoll als Erdbeerbl\u00e4tter dienen. <\/p>\n<p>Die Herzen mit einer Stipprolle oder einer Gabel einstechen. Die R\u00e4nder mit dem verquirlten Ei bestreichen. <\/p>\n<p>Die Vanille-Bleue-Creme in der Mitte der Herzen verteilen und die <strong>Erdbeerscheiben<\/strong> darauf anrichten. Jedes Herz mit den \u201eBl\u00e4ttern\u201c aus Bl\u00e4tterteig dekorieren. <\/p>\n<p>Bei 200 \u00b0C f\u00fcr 15\u201317 Min. backen. Auf einem Kuchengitter abk\u00fchlen lassen. Mit kleinen Bl\u00e4ttern aus gr\u00fcnem Fondant verzieren. Vor dem Servieren nach Belieben mit Puderzucker bestreuen.   <\/p>\n<\/p>\n<\/div>\n<\/div>\n<div class=\"gallery-grid three-cols\" style=\"margin-top:30px;\">\n        <img decoding=\"async\" src=\"http:\/\/escale-bleue.fr\/wp-content\/uploads\/2018\/02\/1-Medium.png\" alt=\"Bl\u00e4tterteig \u2014 Herzausschnitt\"><br \/>\n        <img decoding=\"async\" src=\"http:\/\/escale-bleue.fr\/wp-content\/uploads\/2018\/02\/2-Medium.png\" alt=\"Herz-Ausstechform \u2014 Erdbeer-Bl\u00e4tterteiggeb\u00e4ck\"><br \/>\n        <img decoding=\"async\" src=\"http:\/\/escale-bleue.fr\/wp-content\/uploads\/2018\/02\/3.2-Medium.png\" alt=\"Bl\u00e4tterteig \u2014 dekorative Bl\u00e4tter ausschneiden\">\n    <\/div>\n<div class=\"gallery-grid three-cols\" style=\"margin-top:10px;\">\n        <img decoding=\"async\" src=\"http:\/\/escale-bleue.fr\/wp-content\/uploads\/2018\/02\/6-Medium.png\" alt=\"Bl\u00e4tterteig einstechen \u2014 Stipprolle\"><br \/>\n        <img decoding=\"async\" src=\"http:\/\/escale-bleue.fr\/wp-content\/uploads\/2018\/02\/7-Medium.png\" alt=\"Mit Ei bestreichen \u2014 Bl\u00e4tterteigherzen\"><br \/>\n        <img decoding=\"async\" src=\"http:\/\/escale-bleue.fr\/wp-content\/uploads\/2018\/02\/8-Medium.png\" alt=\"Vanille Bleue Frischk\u00e4se \u2014 F\u00fcllung f\u00fcr Bl\u00e4tterteiggeb\u00e4ck\">\n    <\/div>\n<div class=\"gallery-grid three-cols\" style=\"margin-top:10px;\">\n        <img decoding=\"async\" src=\"http:\/\/escale-bleue.fr\/wp-content\/uploads\/2018\/02\/10-Medium.png\" alt=\"Erdbeerscheiben auf Bl\u00e4tterteigherzen\"><br \/>\n        <img decoding=\"async\" src=\"http:\/\/escale-bleue.fr\/wp-content\/uploads\/2018\/02\/12-Medium.png\" alt=\"Dekoration mit Bl\u00e4tterteigbl\u00e4ttern\"><br \/>\n        <img decoding=\"async\" src=\"http:\/\/escale-bleue.fr\/wp-content\/uploads\/2018\/02\/14-Medium.png\" alt=\"Herzf\u00f6rmiges Erdbeer-Bl\u00e4tterteiggeb\u00e4ck \u2014 vor dem Backen\">\n    <\/div>\n<div class=\"gallery-grid three-cols\" style=\"margin-top:10px;\">\n        <img decoding=\"async\" src=\"http:\/\/escale-bleue.fr\/wp-content\/uploads\/2018\/02\/15-Medium.png\" alt=\"Herzf\u00f6rmiges Erdbeer-Bl\u00e4tterteiggeb\u00e4ck \u2014 frisch aus dem Ofen\"><br \/>\n        <img decoding=\"async\" src=\"http:\/\/escale-bleue.fr\/wp-content\/uploads\/2018\/02\/16-Medium.png\" alt=\"Erdbeer-Bl\u00e4tterteiggeb\u00e4ck \u2014 Dekoration mit Puderzucker\"><br \/>\n        <img decoding=\"async\" src=\"http:\/\/escale-bleue.fr\/wp-content\/uploads\/2018\/02\/IMG_0876-Medium.jpg\" alt=\"Herzf\u00f6rmiges Erdbeer-Bl\u00e4tterteiggeb\u00e4ck mit Vanille Bleue \u2014 Ergebnis\">\n    <\/div>\n<div class=\"gallery-grid\" style=\"margin-top:10px;\">\n        <img decoding=\"async\" src=\"http:\/\/escale-bleue.fr\/wp-content\/uploads\/2018\/02\/IMG_0880-Medium.jpg\" alt=\"Herzf\u00f6rmiges Erdbeer-Bl\u00e4tterteiggeb\u00e4ck \u2014 Nahaufnahme\"><br \/>\n        <img decoding=\"async\" src=\"http:\/\/escale-bleue.fr\/wp-content\/uploads\/2018\/02\/IMG_0881-Medium.jpg\" alt=\"Herzf\u00f6rmiges Erdbeer-Bl\u00e4tterteiggeb\u00e4ck \u2014 Detail Vanille Bleue\">\n    <\/div>\n<\/div>\n<\/div><div class=\"fusion-clearfix\"><\/div><\/div><\/div><\/div><\/div>\n<div class=\"fusion-fullwidth fullwidth-box fusion-builder-row-6 hundred-percent-fullwidth non-hundred-percent-height-scrolling\" style=\"--awb-border-radius-top-left:0px;--awb-border-radius-top-right:0px;--awb-border-radius-bottom-right:0px;--awb-border-radius-bottom-left:0px;--awb-padding-top:0px;--awb-padding-right:0px;--awb-padding-bottom:0px;--awb-padding-left:0px;--awb-flex-wrap:wrap;\" ><div class=\"fusion-builder-row fusion-row\"><div class=\"fusion-layout-column fusion_builder_column fusion-builder-column-5 fusion_builder_column_1_1 1_1 fusion-one-full fusion-column-first fusion-column-last\" style=\"--awb-bg-size:cover;--awb-margin-top:0px;--awb-margin-bottom:0px;\"><div class=\"fusion-column-wrapper fusion-flex-column-wrapper-legacy\"><div class=\"fusion-text fusion-text-5\"><div class=\"recipe-section reveal\">\n<div class=\"section-header\">\n<h2 class=\"section-title\">Das Rezept als Video<\/h2>\n<div class=\"section-divider\"><\/div>\n<\/p>\n<\/div>\n<div class=\"ingredients-card\" style=\"max-width:760px;margin:0 auto;padding:20px;\">\n<div style=\"position:relative;padding-bottom:56.25%;height:0;overflow:hidden;border-radius:6px;\">\n            <iframe src=\"https:\/\/www.youtube.com\/embed\/Jgz7K3uc9r0\" style=\"position:absolute;top:0;left:0;width:100%;height:100%;border:none;border-radius:6px;\" allow=\"accelerometer; autoplay; clipboard-write; encrypted-media; gyroscope; picture-in-picture\" allowfullscreen=\"\"><\/iframe>\n        <\/div>\n<\/p>\n<\/div>\n<\/div>\n<\/div><div class=\"fusion-clearfix\"><\/div><\/div><\/div><\/div><\/div>\n<div class=\"fusion-fullwidth fullwidth-box fusion-builder-row-7 hundred-percent-fullwidth non-hundred-percent-height-scrolling\" style=\"--awb-border-radius-top-left:0px;--awb-border-radius-top-right:0px;--awb-border-radius-bottom-right:0px;--awb-border-radius-bottom-left:0px;--awb-padding-top:0px;--awb-padding-right:0px;--awb-padding-bottom:0px;--awb-padding-left:0px;--awb-flex-wrap:wrap;\" ><div class=\"fusion-builder-row fusion-row\"><div class=\"fusion-layout-column fusion_builder_column fusion-builder-column-6 fusion_builder_column_1_1 1_1 fusion-one-full fusion-column-first fusion-column-last\" style=\"--awb-bg-size:cover;--awb-margin-top:0px;--awb-margin-bottom:0px;\"><div class=\"fusion-column-wrapper fusion-flex-column-wrapper-legacy\"><div class=\"fusion-text fusion-text-6\"><div class=\"recipe-gallery reveal\">\n<div class=\"gallery-header\">\n<div class=\"section-header\">\n<h2 class=\"section-title\">Das Ergebnis<\/h2>\n<div class=\"section-divider\"><\/div>\n<\/p>\n<\/div>\n<\/div>\n<div style=\"text-align:center;\">\n        <img decoding=\"async\" src=\"http:\/\/escale-bleue.fr\/wp-content\/uploads\/2018\/02\/IMG_0904-Medium.jpg\" alt=\"Herzf\u00f6rmiges Erdbeer-Bl\u00e4tterteiggeb\u00e4ck mit Vanille Bleue \u2014 Escale Bleue\" style=\"display:inline-block;\">\n    <\/div>\n<\/div>\n<\/div><div class=\"fusion-clearfix\"><\/div><\/div><\/div><\/div><\/div>\n<div class=\"fusion-fullwidth fullwidth-box fusion-builder-row-8 hundred-percent-fullwidth non-hundred-percent-height-scrolling\" style=\"--awb-border-radius-top-left:0px;--awb-border-radius-top-right:0px;--awb-border-radius-bottom-right:0px;--awb-border-radius-bottom-left:0px;--awb-padding-top:0px;--awb-padding-right:0px;--awb-padding-bottom:0px;--awb-padding-left:0px;--awb-flex-wrap:wrap;\" ><div class=\"fusion-builder-row fusion-row\"><div class=\"fusion-layout-column fusion_builder_column fusion-builder-column-7 fusion_builder_column_1_1 1_1 fusion-one-full fusion-column-first fusion-column-last\" style=\"--awb-bg-size:cover;--awb-margin-top:0px;--awb-margin-bottom:0px;\"><div class=\"fusion-column-wrapper fusion-flex-column-wrapper-legacy\"><div class=\"fusion-text fusion-text-7\"><div class=\"recipe-cta reveal\">\n<div class=\"recipe-cta-content\">\n<h3 class=\"cta-title\">M\u00f6chten Sie dieses Rezept nachkochen?<\/h3>\n<p class=\"cta-subtitle\">Entdecken Sie unsere Vanille-Bleue-Schoten und veredeln Sie Ihre Kreationen<\/p>\n<div class=\"cta-buttons\">\n            <a href=\"https:\/\/shop.escale-bleue.fr\" class=\"btn btn-primary\">Bestellen<\/a><br \/>\n            <a href=\"https:\/\/escale-bleue.fr\/de\/quest-ce-que-la-vanille-bleue\/\" class=\"btn btn-secondary\">Vanille Bleue entdecken<\/a>\n        <\/div>\n<\/p>\n<\/div>\n<\/div>\n<\/div><div class=\"fusion-clearfix\"><\/div><\/div><\/div><\/div><\/div>\n<div class=\"fusion-fullwidth fullwidth-box fusion-builder-row-9 hundred-percent-fullwidth non-hundred-percent-height-scrolling\" style=\"--awb-border-radius-top-left:0px;--awb-border-radius-top-right:0px;--awb-border-radius-bottom-right:0px;--awb-border-radius-bottom-left:0px;--awb-padding-top:0px;--awb-padding-right:0px;--awb-padding-bottom:0px;--awb-padding-left:0px;--awb-flex-wrap:wrap;\" ><div class=\"fusion-builder-row fusion-row\"><div class=\"fusion-layout-column fusion_builder_column fusion-builder-column-8 fusion_builder_column_1_1 1_1 fusion-one-full fusion-column-first fusion-column-last\" style=\"--awb-bg-size:cover;--awb-margin-top:0px;--awb-margin-bottom:0px;\"><div class=\"fusion-column-wrapper fusion-flex-column-wrapper-legacy\"><script>const reveals = document.querySelectorAll('.reveal');\nconst observer = new IntersectionObserver((entries) => {\n    entries.forEach(entry => {\n        if (entry.isIntersecting) {\n            entry.target.classList.add('visible');\n        }\n    });\n}, { threshold: 0.15 });\nreveals.forEach(el => observer.observe(el));\n<\/script><div class=\"fusion-clearfix\"><\/div><\/div><\/div><\/div><\/div>\n","protected":false},"excerpt":{"rendered":"","protected":false},"author":10,"featured_media":24795,"comment_status":"open","ping_status":"open","sticky":false,"template":"","format":"standard","meta":{"footnotes":""},"categories":[163,160],"tags":[],"class_list":["post-24793","post","type-post","status-publish","format-standard","has-post-thumbnail","hentry","category-desserts","category-rezepte"],"yoast_head":"<!-- This site is optimized with the Yoast SEO Premium plugin v27.4 (Yoast SEO v27.4) - https:\/\/yoast.com\/product\/yoast-seo-premium-wordpress\/ -->\n<title>Erdbeer-Bl\u00e4tterteiggeb\u00e4ck mit Vanille Bleue<\/title>\n<meta name=\"description\" content=\"Herzf\u00f6rmiges Erdbeer-Bl\u00e4tterteiggeb\u00e4ck mit Frischk\u00e4se und Vanille Bleue. Ein schnelles und einfaches Rezept, das zum Valentinstag garantiert beeindruckt.\" \/>\n<meta name=\"robots\" content=\"index, follow, max-snippet:-1, max-image-preview:large, max-video-preview:-1\" \/>\n<link rel=\"canonical\" href=\"https:\/\/escale-bleue.fr\/de\/2018\/02\/14\/feuillete-aux-fraises-vanille-bleue\/\" \/>\n<meta property=\"og:locale\" content=\"de_DE\" \/>\n<meta property=\"og:type\" content=\"article\" \/>\n<meta property=\"og:title\" content=\"Rezept \u2013 Erdbeer-Bl\u00e4tterteiggeb\u00e4ck mit Vanille Bleue\" \/>\n<meta property=\"og:description\" content=\"Herzf\u00f6rmiges Erdbeer-Bl\u00e4tterteiggeb\u00e4ck mit Frischk\u00e4se und Vanille Bleue. Ein schnelles und einfaches Rezept, das zum Valentinstag garantiert beeindruckt.\" \/>\n<meta property=\"og:url\" content=\"https:\/\/escale-bleue.fr\/de\/2018\/02\/14\/feuillete-aux-fraises-vanille-bleue\/\" \/>\n<meta property=\"og:site_name\" content=\"Escale Bleue - Atelier Vanille\" \/>\n<meta property=\"article:publisher\" content=\"https:\/\/www.facebook.com\/Escalebleue\" \/>\n<meta property=\"article:author\" content=\"https:\/\/www.facebook.com\/Escalebleue\" \/>\n<meta property=\"article:published_time\" content=\"2018-02-14T03:46:33+00:00\" \/>\n<meta property=\"article:modified_time\" content=\"2026-03-24T16:52:25+00:00\" \/>\n<meta property=\"og:image\" content=\"http:\/\/escale-bleue.fr\/wp-content\/uploads\/2018\/02\/fbcover-feuillete.jpg\" \/>\n<meta name=\"author\" content=\"Nicole Leichnig\" \/>\n<meta name=\"twitter:card\" content=\"summary_large_image\" \/>\n<meta name=\"twitter:title\" content=\"Erdbeer-Bl\u00e4tterteiggeb\u00e4ck mit Vanille Bleue\" \/>\n<meta name=\"twitter:creator\" content=\"@EscaleBleue\" \/>\n<meta name=\"twitter:site\" content=\"@EscaleBleue\" \/>\n<meta name=\"twitter:label1\" content=\"Verfasst von\" \/>\n\t<meta name=\"twitter:data1\" content=\"Nicole Leichnig\" \/>\n\t<meta name=\"twitter:label2\" content=\"Gesch\u00e4tzte Lesezeit\" \/>\n\t<meta name=\"twitter:data2\" content=\"6\u00a0Minuten\" \/>\n<script type=\"application\/ld+json\" class=\"yoast-schema-graph\">{\"@context\":\"https:\\\/\\\/schema.org\",\"@graph\":[{\"@type\":\"Article\",\"@id\":\"https:\\\/\\\/escale-bleue.fr\\\/de\\\/2018\\\/02\\\/14\\\/feuillete-aux-fraises-vanille-bleue\\\/#article\",\"isPartOf\":{\"@id\":\"https:\\\/\\\/escale-bleue.fr\\\/de\\\/2018\\\/02\\\/14\\\/feuillete-aux-fraises-vanille-bleue\\\/\"},\"author\":{\"name\":\"Nicole Leichnig\",\"@id\":\"https:\\\/\\\/escale-bleue.fr\\\/de\\\/#\\\/schema\\\/person\\\/1f70b901d3638943e7b936ac6ddf7ace\"},\"headline\":\"Erdbeer-Bl\u00e4tterteiggeb\u00e4ck mit Vanille Bleue\",\"datePublished\":\"2018-02-14T03:46:33+00:00\",\"dateModified\":\"2026-03-24T16:52:25+00:00\",\"mainEntityOfPage\":{\"@id\":\"https:\\\/\\\/escale-bleue.fr\\\/de\\\/2018\\\/02\\\/14\\\/feuillete-aux-fraises-vanille-bleue\\\/\"},\"wordCount\":1248,\"commentCount\":0,\"publisher\":{\"@id\":\"https:\\\/\\\/escale-bleue.fr\\\/de\\\/#organization\"},\"image\":{\"@id\":\"https:\\\/\\\/escale-bleue.fr\\\/de\\\/2018\\\/02\\\/14\\\/feuillete-aux-fraises-vanille-bleue\\\/#primaryimage\"},\"thumbnailUrl\":\"https:\\\/\\\/escale-bleue.fr\\\/wp-content\\\/uploads\\\/2018\\\/02\\\/featured-feuillete1.jpg\",\"articleSection\":[\"Desserts\",\"Rezepte\"],\"inLanguage\":\"de\",\"potentialAction\":[{\"@type\":\"CommentAction\",\"name\":\"Comment\",\"target\":[\"https:\\\/\\\/escale-bleue.fr\\\/de\\\/2018\\\/02\\\/14\\\/feuillete-aux-fraises-vanille-bleue\\\/#respond\"]}]},{\"@type\":\"WebPage\",\"@id\":\"https:\\\/\\\/escale-bleue.fr\\\/de\\\/2018\\\/02\\\/14\\\/feuillete-aux-fraises-vanille-bleue\\\/\",\"url\":\"https:\\\/\\\/escale-bleue.fr\\\/de\\\/2018\\\/02\\\/14\\\/feuillete-aux-fraises-vanille-bleue\\\/\",\"name\":\"Erdbeer-Bl\u00e4tterteiggeb\u00e4ck mit Vanille Bleue\",\"isPartOf\":{\"@id\":\"https:\\\/\\\/escale-bleue.fr\\\/de\\\/#website\"},\"primaryImageOfPage\":{\"@id\":\"https:\\\/\\\/escale-bleue.fr\\\/de\\\/2018\\\/02\\\/14\\\/feuillete-aux-fraises-vanille-bleue\\\/#primaryimage\"},\"image\":{\"@id\":\"https:\\\/\\\/escale-bleue.fr\\\/de\\\/2018\\\/02\\\/14\\\/feuillete-aux-fraises-vanille-bleue\\\/#primaryimage\"},\"thumbnailUrl\":\"https:\\\/\\\/escale-bleue.fr\\\/wp-content\\\/uploads\\\/2018\\\/02\\\/featured-feuillete1.jpg\",\"datePublished\":\"2018-02-14T03:46:33+00:00\",\"dateModified\":\"2026-03-24T16:52:25+00:00\",\"description\":\"Herzf\u00f6rmiges Erdbeer-Bl\u00e4tterteiggeb\u00e4ck mit Frischk\u00e4se und Vanille Bleue. Ein schnelles und einfaches Rezept, das zum Valentinstag garantiert beeindruckt.\",\"breadcrumb\":{\"@id\":\"https:\\\/\\\/escale-bleue.fr\\\/de\\\/2018\\\/02\\\/14\\\/feuillete-aux-fraises-vanille-bleue\\\/#breadcrumb\"},\"inLanguage\":\"de\",\"potentialAction\":[{\"@type\":\"ReadAction\",\"target\":[\"https:\\\/\\\/escale-bleue.fr\\\/de\\\/2018\\\/02\\\/14\\\/feuillete-aux-fraises-vanille-bleue\\\/\"]}]},{\"@type\":\"ImageObject\",\"inLanguage\":\"de\",\"@id\":\"https:\\\/\\\/escale-bleue.fr\\\/de\\\/2018\\\/02\\\/14\\\/feuillete-aux-fraises-vanille-bleue\\\/#primaryimage\",\"url\":\"https:\\\/\\\/escale-bleue.fr\\\/wp-content\\\/uploads\\\/2018\\\/02\\\/featured-feuillete1.jpg\",\"contentUrl\":\"https:\\\/\\\/escale-bleue.fr\\\/wp-content\\\/uploads\\\/2018\\\/02\\\/featured-feuillete1.jpg\",\"width\":373,\"height\":343},{\"@type\":\"BreadcrumbList\",\"@id\":\"https:\\\/\\\/escale-bleue.fr\\\/de\\\/2018\\\/02\\\/14\\\/feuillete-aux-fraises-vanille-bleue\\\/#breadcrumb\",\"itemListElement\":[{\"@type\":\"ListItem\",\"position\":1,\"name\":\"Accueil\",\"item\":\"https:\\\/\\\/escale-bleue.fr\\\/de\\\/\"},{\"@type\":\"ListItem\",\"position\":2,\"name\":\"Erdbeer-Bl\u00e4tterteiggeb\u00e4ck mit Vanille Bleue\"}]},{\"@type\":\"WebSite\",\"@id\":\"https:\\\/\\\/escale-bleue.fr\\\/de\\\/#website\",\"url\":\"https:\\\/\\\/escale-bleue.fr\\\/de\\\/\",\"name\":\"Escale Bleue - Atelier Vanille \u00e0 la R\u00e9union\",\"description\":\"\",\"publisher\":{\"@id\":\"https:\\\/\\\/escale-bleue.fr\\\/de\\\/#organization\"},\"potentialAction\":[{\"@type\":\"SearchAction\",\"target\":{\"@type\":\"EntryPoint\",\"urlTemplate\":\"https:\\\/\\\/escale-bleue.fr\\\/de\\\/?s={search_term_string}\"},\"query-input\":{\"@type\":\"PropertyValueSpecification\",\"valueRequired\":true,\"valueName\":\"search_term_string\"}}],\"inLanguage\":\"de\"},{\"@type\":\"Organization\",\"@id\":\"https:\\\/\\\/escale-bleue.fr\\\/de\\\/#organization\",\"name\":\"Escale Bleue - Atelier Vanille R\u00e9union\",\"url\":\"https:\\\/\\\/escale-bleue.fr\\\/de\\\/\",\"logo\":{\"@type\":\"ImageObject\",\"inLanguage\":\"de\",\"@id\":\"https:\\\/\\\/escale-bleue.fr\\\/de\\\/#\\\/schema\\\/logo\\\/image\\\/\",\"url\":\"https:\\\/\\\/escale-bleue.fr\\\/wp-content\\\/uploads\\\/2026\\\/02\\\/logo_escale_bleue_b9afa1.png\",\"contentUrl\":\"https:\\\/\\\/escale-bleue.fr\\\/wp-content\\\/uploads\\\/2026\\\/02\\\/logo_escale_bleue_b9afa1.png\",\"width\":400,\"height\":218,\"caption\":\"Escale Bleue - Atelier Vanille R\u00e9union\"},\"image\":{\"@id\":\"https:\\\/\\\/escale-bleue.fr\\\/de\\\/#\\\/schema\\\/logo\\\/image\\\/\"},\"sameAs\":[\"https:\\\/\\\/www.facebook.com\\\/Escalebleue\",\"https:\\\/\\\/x.com\\\/EscaleBleue\",\"https:\\\/\\\/www.instagram.com\\\/escalebleue\\\/\"]},{\"@type\":\"Person\",\"@id\":\"https:\\\/\\\/escale-bleue.fr\\\/de\\\/#\\\/schema\\\/person\\\/1f70b901d3638943e7b936ac6ddf7ace\",\"name\":\"Nicole Leichnig\",\"image\":{\"@type\":\"ImageObject\",\"inLanguage\":\"de\",\"@id\":\"https:\\\/\\\/secure.gravatar.com\\\/avatar\\\/15a0db87cde0573ac8ec5d40671a1ec96c5218edceb4dc06eed820d664a8d63e?s=96&d=mm&r=g\",\"url\":\"https:\\\/\\\/secure.gravatar.com\\\/avatar\\\/15a0db87cde0573ac8ec5d40671a1ec96c5218edceb4dc06eed820d664a8d63e?s=96&d=mm&r=g\",\"contentUrl\":\"https:\\\/\\\/secure.gravatar.com\\\/avatar\\\/15a0db87cde0573ac8ec5d40671a1ec96c5218edceb4dc06eed820d664a8d63e?s=96&d=mm&r=g\",\"caption\":\"Nicole Leichnig\"},\"description\":\"Nicole Leichnig est co-fondatrice d'Escale Bleue et cr\u00e9atrice de la Vanille Bleue, la premi\u00e8re gousse de vanille brevet\u00e9e au monde. Depuis 1986, elle produit et affine la vanille \u00e0 Saint-Philippe, La R\u00e9union. Son proc\u00e9d\u00e9 d'affinage exclusif rend la gousse 100% comestible et d'une qualit\u00e9 aromatique rare \u2014 une innovation r\u00e9compens\u00e9e par le Diamond Taste Award 2024, la plus haute distinction de l'International Taste Institute, apr\u00e8s une d\u00e9cennie de notes maximales d\u00e9cern\u00e9es par 120 chefs \u00e9toil\u00e9s. Disciple d'Escoffier (2014) et Toque Fran\u00e7aise (2020), Nicole transmet son savoir-faire \u00e0 travers des visites guid\u00e9es et l'accueil de chercheurs sur la biodiversit\u00e9 du Sud Sauvage.\",\"sameAs\":[\"https:\\\/\\\/escale-bleue.fr\",\"https:\\\/\\\/www.facebook.com\\\/Escalebleue\",\"https:\\\/\\\/www.instagram.com\\\/escalebleue\\\/\"],\"gender\":\"femme\",\"knowsAbout\":[\"Affinage de vanille\",\"Vanille Bleue\",\"Vanille de La R\u00e9union\",\"Gastronomie\"],\"knowsLanguage\":[\"Fran\u00e7ais\",\"Anglais\"],\"jobTitle\":\"Co-fondatrice et affineuse de vanille\",\"worksFor\":\"Escale Bleue\",\"url\":\"https:\\\/\\\/escale-bleue.fr\\\/de\\\/author\\\/nicole-leichnig\\\/\"}]}<\/script>\n<!-- \/ Yoast SEO Premium plugin. -->","yoast_head_json":{"title":"Erdbeer-Bl\u00e4tterteiggeb\u00e4ck mit Vanille Bleue","description":"Herzf\u00f6rmiges Erdbeer-Bl\u00e4tterteiggeb\u00e4ck mit Frischk\u00e4se und Vanille Bleue. Ein schnelles und einfaches Rezept, das zum Valentinstag garantiert beeindruckt.","robots":{"index":"index","follow":"follow","max-snippet":"max-snippet:-1","max-image-preview":"max-image-preview:large","max-video-preview":"max-video-preview:-1"},"canonical":"https:\/\/escale-bleue.fr\/de\/2018\/02\/14\/feuillete-aux-fraises-vanille-bleue\/","og_locale":"de_DE","og_type":"article","og_title":"Rezept \u2013 Erdbeer-Bl\u00e4tterteiggeb\u00e4ck mit Vanille Bleue","og_description":"Herzf\u00f6rmiges Erdbeer-Bl\u00e4tterteiggeb\u00e4ck mit Frischk\u00e4se und Vanille Bleue. Ein schnelles und einfaches Rezept, das zum Valentinstag garantiert beeindruckt.","og_url":"https:\/\/escale-bleue.fr\/de\/2018\/02\/14\/feuillete-aux-fraises-vanille-bleue\/","og_site_name":"Escale Bleue - Atelier Vanille","article_publisher":"https:\/\/www.facebook.com\/Escalebleue","article_author":"https:\/\/www.facebook.com\/Escalebleue","article_published_time":"2018-02-14T03:46:33+00:00","article_modified_time":"2026-03-24T16:52:25+00:00","og_image":[{"url":"http:\/\/escale-bleue.fr\/wp-content\/uploads\/2018\/02\/fbcover-feuillete.jpg","type":"","width":"","height":""}],"author":"Nicole Leichnig","twitter_card":"summary_large_image","twitter_title":"Erdbeer-Bl\u00e4tterteiggeb\u00e4ck mit Vanille Bleue","twitter_creator":"@EscaleBleue","twitter_site":"@EscaleBleue","twitter_misc":{"Verfasst von":"Nicole Leichnig","Gesch\u00e4tzte Lesezeit":"6\u00a0Minuten"},"schema":{"@context":"https:\/\/schema.org","@graph":[{"@type":"Article","@id":"https:\/\/escale-bleue.fr\/de\/2018\/02\/14\/feuillete-aux-fraises-vanille-bleue\/#article","isPartOf":{"@id":"https:\/\/escale-bleue.fr\/de\/2018\/02\/14\/feuillete-aux-fraises-vanille-bleue\/"},"author":{"name":"Nicole Leichnig","@id":"https:\/\/escale-bleue.fr\/de\/#\/schema\/person\/1f70b901d3638943e7b936ac6ddf7ace"},"headline":"Erdbeer-Bl\u00e4tterteiggeb\u00e4ck mit Vanille Bleue","datePublished":"2018-02-14T03:46:33+00:00","dateModified":"2026-03-24T16:52:25+00:00","mainEntityOfPage":{"@id":"https:\/\/escale-bleue.fr\/de\/2018\/02\/14\/feuillete-aux-fraises-vanille-bleue\/"},"wordCount":1248,"commentCount":0,"publisher":{"@id":"https:\/\/escale-bleue.fr\/de\/#organization"},"image":{"@id":"https:\/\/escale-bleue.fr\/de\/2018\/02\/14\/feuillete-aux-fraises-vanille-bleue\/#primaryimage"},"thumbnailUrl":"https:\/\/escale-bleue.fr\/wp-content\/uploads\/2018\/02\/featured-feuillete1.jpg","articleSection":["Desserts","Rezepte"],"inLanguage":"de","potentialAction":[{"@type":"CommentAction","name":"Comment","target":["https:\/\/escale-bleue.fr\/de\/2018\/02\/14\/feuillete-aux-fraises-vanille-bleue\/#respond"]}]},{"@type":"WebPage","@id":"https:\/\/escale-bleue.fr\/de\/2018\/02\/14\/feuillete-aux-fraises-vanille-bleue\/","url":"https:\/\/escale-bleue.fr\/de\/2018\/02\/14\/feuillete-aux-fraises-vanille-bleue\/","name":"Erdbeer-Bl\u00e4tterteiggeb\u00e4ck mit Vanille Bleue","isPartOf":{"@id":"https:\/\/escale-bleue.fr\/de\/#website"},"primaryImageOfPage":{"@id":"https:\/\/escale-bleue.fr\/de\/2018\/02\/14\/feuillete-aux-fraises-vanille-bleue\/#primaryimage"},"image":{"@id":"https:\/\/escale-bleue.fr\/de\/2018\/02\/14\/feuillete-aux-fraises-vanille-bleue\/#primaryimage"},"thumbnailUrl":"https:\/\/escale-bleue.fr\/wp-content\/uploads\/2018\/02\/featured-feuillete1.jpg","datePublished":"2018-02-14T03:46:33+00:00","dateModified":"2026-03-24T16:52:25+00:00","description":"Herzf\u00f6rmiges Erdbeer-Bl\u00e4tterteiggeb\u00e4ck mit Frischk\u00e4se und Vanille Bleue. Ein schnelles und einfaches Rezept, das zum Valentinstag garantiert beeindruckt.","breadcrumb":{"@id":"https:\/\/escale-bleue.fr\/de\/2018\/02\/14\/feuillete-aux-fraises-vanille-bleue\/#breadcrumb"},"inLanguage":"de","potentialAction":[{"@type":"ReadAction","target":["https:\/\/escale-bleue.fr\/de\/2018\/02\/14\/feuillete-aux-fraises-vanille-bleue\/"]}]},{"@type":"ImageObject","inLanguage":"de","@id":"https:\/\/escale-bleue.fr\/de\/2018\/02\/14\/feuillete-aux-fraises-vanille-bleue\/#primaryimage","url":"https:\/\/escale-bleue.fr\/wp-content\/uploads\/2018\/02\/featured-feuillete1.jpg","contentUrl":"https:\/\/escale-bleue.fr\/wp-content\/uploads\/2018\/02\/featured-feuillete1.jpg","width":373,"height":343},{"@type":"BreadcrumbList","@id":"https:\/\/escale-bleue.fr\/de\/2018\/02\/14\/feuillete-aux-fraises-vanille-bleue\/#breadcrumb","itemListElement":[{"@type":"ListItem","position":1,"name":"Accueil","item":"https:\/\/escale-bleue.fr\/de\/"},{"@type":"ListItem","position":2,"name":"Erdbeer-Bl\u00e4tterteiggeb\u00e4ck mit Vanille Bleue"}]},{"@type":"WebSite","@id":"https:\/\/escale-bleue.fr\/de\/#website","url":"https:\/\/escale-bleue.fr\/de\/","name":"Escale Bleue - Atelier Vanille \u00e0 la R\u00e9union","description":"","publisher":{"@id":"https:\/\/escale-bleue.fr\/de\/#organization"},"potentialAction":[{"@type":"SearchAction","target":{"@type":"EntryPoint","urlTemplate":"https:\/\/escale-bleue.fr\/de\/?s={search_term_string}"},"query-input":{"@type":"PropertyValueSpecification","valueRequired":true,"valueName":"search_term_string"}}],"inLanguage":"de"},{"@type":"Organization","@id":"https:\/\/escale-bleue.fr\/de\/#organization","name":"Escale Bleue - Atelier Vanille R\u00e9union","url":"https:\/\/escale-bleue.fr\/de\/","logo":{"@type":"ImageObject","inLanguage":"de","@id":"https:\/\/escale-bleue.fr\/de\/#\/schema\/logo\/image\/","url":"https:\/\/escale-bleue.fr\/wp-content\/uploads\/2026\/02\/logo_escale_bleue_b9afa1.png","contentUrl":"https:\/\/escale-bleue.fr\/wp-content\/uploads\/2026\/02\/logo_escale_bleue_b9afa1.png","width":400,"height":218,"caption":"Escale Bleue - Atelier Vanille R\u00e9union"},"image":{"@id":"https:\/\/escale-bleue.fr\/de\/#\/schema\/logo\/image\/"},"sameAs":["https:\/\/www.facebook.com\/Escalebleue","https:\/\/x.com\/EscaleBleue","https:\/\/www.instagram.com\/escalebleue\/"]},{"@type":"Person","@id":"https:\/\/escale-bleue.fr\/de\/#\/schema\/person\/1f70b901d3638943e7b936ac6ddf7ace","name":"Nicole Leichnig","image":{"@type":"ImageObject","inLanguage":"de","@id":"https:\/\/secure.gravatar.com\/avatar\/15a0db87cde0573ac8ec5d40671a1ec96c5218edceb4dc06eed820d664a8d63e?s=96&d=mm&r=g","url":"https:\/\/secure.gravatar.com\/avatar\/15a0db87cde0573ac8ec5d40671a1ec96c5218edceb4dc06eed820d664a8d63e?s=96&d=mm&r=g","contentUrl":"https:\/\/secure.gravatar.com\/avatar\/15a0db87cde0573ac8ec5d40671a1ec96c5218edceb4dc06eed820d664a8d63e?s=96&d=mm&r=g","caption":"Nicole Leichnig"},"description":"Nicole Leichnig est co-fondatrice d'Escale Bleue et cr\u00e9atrice de la Vanille Bleue, la premi\u00e8re gousse de vanille brevet\u00e9e au monde. Depuis 1986, elle produit et affine la vanille \u00e0 Saint-Philippe, La R\u00e9union. Son proc\u00e9d\u00e9 d'affinage exclusif rend la gousse 100% comestible et d'une qualit\u00e9 aromatique rare \u2014 une innovation r\u00e9compens\u00e9e par le Diamond Taste Award 2024, la plus haute distinction de l'International Taste Institute, apr\u00e8s une d\u00e9cennie de notes maximales d\u00e9cern\u00e9es par 120 chefs \u00e9toil\u00e9s. Disciple d'Escoffier (2014) et Toque Fran\u00e7aise (2020), Nicole transmet son savoir-faire \u00e0 travers des visites guid\u00e9es et l'accueil de chercheurs sur la biodiversit\u00e9 du Sud Sauvage.","sameAs":["https:\/\/escale-bleue.fr","https:\/\/www.facebook.com\/Escalebleue","https:\/\/www.instagram.com\/escalebleue\/"],"gender":"femme","knowsAbout":["Affinage de vanille","Vanille Bleue","Vanille de La R\u00e9union","Gastronomie"],"knowsLanguage":["Fran\u00e7ais","Anglais"],"jobTitle":"Co-fondatrice et affineuse de vanille","worksFor":"Escale Bleue","url":"https:\/\/escale-bleue.fr\/de\/author\/nicole-leichnig\/"}]}},"_links":{"self":[{"href":"https:\/\/escale-bleue.fr\/de\/wp-json\/wp\/v2\/posts\/24793","targetHints":{"allow":["GET"]}}],"collection":[{"href":"https:\/\/escale-bleue.fr\/de\/wp-json\/wp\/v2\/posts"}],"about":[{"href":"https:\/\/escale-bleue.fr\/de\/wp-json\/wp\/v2\/types\/post"}],"author":[{"embeddable":true,"href":"https:\/\/escale-bleue.fr\/de\/wp-json\/wp\/v2\/users\/10"}],"replies":[{"embeddable":true,"href":"https:\/\/escale-bleue.fr\/de\/wp-json\/wp\/v2\/comments?post=24793"}],"version-history":[{"count":8,"href":"https:\/\/escale-bleue.fr\/de\/wp-json\/wp\/v2\/posts\/24793\/revisions"}],"predecessor-version":[{"id":24900,"href":"https:\/\/escale-bleue.fr\/de\/wp-json\/wp\/v2\/posts\/24793\/revisions\/24900"}],"wp:featuredmedia":[{"embeddable":true,"href":"https:\/\/escale-bleue.fr\/de\/wp-json\/wp\/v2\/media\/24795"}],"wp:attachment":[{"href":"https:\/\/escale-bleue.fr\/de\/wp-json\/wp\/v2\/media?parent=24793"}],"wp:term":[{"taxonomy":"category","embeddable":true,"href":"https:\/\/escale-bleue.fr\/de\/wp-json\/wp\/v2\/categories?post=24793"},{"taxonomy":"post_tag","embeddable":true,"href":"https:\/\/escale-bleue.fr\/de\/wp-json\/wp\/v2\/tags?post=24793"}],"curies":[{"name":"wp","href":"https:\/\/api.w.org\/{rel}","templated":true}]}}