{"id":24821,"date":"2020-07-05T17:37:59","date_gmt":"2020-07-05T15:37:59","guid":{"rendered":"https:\/\/escale-bleue.fr\/2020\/07\/05\/tarte-double-fromage-vanille-bleue\/"},"modified":"2026-03-24T18:45:38","modified_gmt":"2026-03-24T16:45:38","slug":"tarte-double-fromage-vanille-bleue","status":"publish","type":"post","link":"https:\/\/escale-bleue.fr\/en\/2020\/07\/05\/tarte-double-fromage-vanille-bleue\/","title":{"rendered":"Vanille Bleue Double Cheese Tart"},"content":{"rendered":"<div class=\"fusion-fullwidth fullwidth-box fusion-builder-row-1 hundred-percent-fullwidth non-hundred-percent-height-scrolling\" style=\"--awb-border-radius-top-left:0px;--awb-border-radius-top-right:0px;--awb-border-radius-bottom-right:0px;--awb-border-radius-bottom-left:0px;--awb-padding-top:0px;--awb-padding-right:0px;--awb-padding-bottom:0px;--awb-padding-left:0px;--awb-flex-wrap:wrap;\" ><div class=\"fusion-builder-row fusion-row\"><div class=\"fusion-layout-column fusion_builder_column fusion-builder-column-0 fusion_builder_column_1_1 1_1 fusion-one-full fusion-column-first fusion-column-last\" style=\"--awb-bg-size:cover;--awb-margin-top:0px;--awb-margin-bottom:0px;\"><div class=\"fusion-column-wrapper fusion-flex-column-wrapper-legacy\"><link rel=\"stylesheet\" href=\"https:\/\/escale-bleue.fr\/wp-content\/uploads\/recipe-style.css?v=5\">\n<link rel=\"stylesheet\" href=\"https:\/\/cdnjs.cloudflare.com\/ajax\/libs\/font-awesome\/6.5.1\/css\/all.min.css\"><div class=\"fusion-clearfix\"><\/div><\/div><\/div><\/div><\/div>\n<div class=\"fusion-fullwidth fullwidth-box fusion-builder-row-2 hundred-percent-fullwidth non-hundred-percent-height-scrolling\" style=\"--awb-border-radius-top-left:0px;--awb-border-radius-top-right:0px;--awb-border-radius-bottom-right:0px;--awb-border-radius-bottom-left:0px;--awb-padding-top:0px;--awb-padding-right:0px;--awb-padding-bottom:0px;--awb-padding-left:0px;--awb-flex-wrap:wrap;\" ><div class=\"fusion-builder-row fusion-row\"><div class=\"fusion-layout-column fusion_builder_column fusion-builder-column-1 fusion_builder_column_1_1 1_1 fusion-one-full fusion-column-first fusion-column-last\" style=\"--awb-bg-size:cover;--awb-margin-top:0px;--awb-margin-bottom:0px;\"><div class=\"fusion-column-wrapper fusion-flex-column-wrapper-legacy\"><div class=\"fusion-text fusion-text-1\"><p><!-- ========== EN-T\u00caTE ========== --><\/p>\n<div class=\"recipe-header\">\n<div class=\"recipe-header-content\">\n<div class=\"recipe-category animate animate-delay-1\">Recipe<\/div>\n<h1 class=\"recipe-title animate animate-delay-2\">Double Cheese Tart<br \/>with Vanille Bleue<\/h1>\n<p class=\"recipe-subtitle animate animate-delay-3\">by <a href=\"#\">Thopat Leichnig<\/a> from Escale Bleue, adapted from <a href=\"#\">Julien Perrinet<\/a> \u2014 Grand Hyatt Taipei<\/p>\n<div class=\"social-icons animate animate-delay-4\"><a href=\"https:\/\/www.facebook.com\/Escalebleue\" target=\"_blank\" class=\"social-icon\" title=\"Facebook\"><i class=\"fab fa-facebook-f\"><\/i><\/a><a href=\"https:\/\/www.instagram.com\/escalebleue\/\" target=\"_blank\" class=\"social-icon\" title=\"Instagram\"><i class=\"fab fa-instagram\"><\/i><\/a><\/div>\n<div class=\"chef-avatar-wrap animate animate-delay-4\"><img decoding=\"async\" class=\"chef-avatar\" src=\"https:\/\/escale-bleue.fr\/wp-content\/uploads\/2026\/02\/chef-thopat-tarte-double-fromage.png\" alt=\"Thopat Leichnig \u2014 Pastry Chef at Escale Bleue\"><\/div>\n<\/p>\n<\/div>\n<\/div>\n<\/div><div class=\"fusion-clearfix\"><\/div><\/div><\/div><\/div><\/div>\n<div class=\"fusion-fullwidth fullwidth-box fusion-builder-row-3 hundred-percent-fullwidth non-hundred-percent-height-scrolling\" style=\"--awb-border-radius-top-left:0px;--awb-border-radius-top-right:0px;--awb-border-radius-bottom-right:0px;--awb-border-radius-bottom-left:0px;--awb-padding-top:0px;--awb-padding-right:0px;--awb-padding-bottom:0px;--awb-padding-left:0px;--awb-flex-wrap:wrap;\" ><div class=\"fusion-builder-row fusion-row\"><div class=\"fusion-layout-column fusion_builder_column fusion-builder-column-2 fusion_builder_column_1_1 1_1 fusion-one-full fusion-column-first fusion-column-last\" style=\"--awb-bg-size:cover;--awb-margin-top:0px;--awb-margin-bottom:0px;\"><div class=\"fusion-column-wrapper fusion-flex-column-wrapper-legacy\"><div class=\"fusion-text fusion-text-2\"><p><!-- ========== BANDEAU INFOS ========== --><\/p>\n<div class=\"recipe-meta\">\n<div class=\"recipe-meta-inner\">\n<div class=\"meta-item\">\n<div class=\"meta-icon\"><i class=\"fas fa-signal\"><\/i><\/div>\n<div class=\"meta-label\">Difficulty<\/div>\n<div class=\"meta-value\">Easy<\/div>\n<\/p>\n<\/div>\n<div class=\"meta-item\">\n<div class=\"meta-icon\"><i class=\"far fa-clock\"><\/i><\/div>\n<div class=\"meta-label\">Time<\/div>\n<div class=\"meta-value\">45 min<\/div>\n<\/p>\n<\/div>\n<div class=\"meta-item\">\n<div class=\"meta-icon\"><i class=\"fas fa-layer-group\"><\/i><\/div>\n<div class=\"meta-label\">Quantity<\/div>\n<div class=\"meta-value\">3 tarts (10\u00d75 cm)<\/div>\n<\/p>\n<\/div>\n<div class=\"meta-item\">\n<div class=\"meta-icon\"><i class=\"fas fa-seedling\"><\/i><\/div>\n<div class=\"meta-label\">Vanille Bleue<\/div>\n<div class=\"meta-value\">2 small pods<\/div>\n<\/p>\n<\/div>\n<\/div>\n<\/div>\n<\/div><div class=\"fusion-clearfix\"><\/div><\/div><\/div><\/div><\/div>\n<div class=\"fusion-fullwidth fullwidth-box fusion-builder-row-4 hundred-percent-fullwidth non-hundred-percent-height-scrolling\" style=\"--awb-border-radius-top-left:0px;--awb-border-radius-top-right:0px;--awb-border-radius-bottom-right:0px;--awb-border-radius-bottom-left:0px;--awb-padding-top:0px;--awb-padding-right:0px;--awb-padding-bottom:0px;--awb-padding-left:0px;--awb-flex-wrap:wrap;\" ><div class=\"fusion-builder-row fusion-row\"><div class=\"fusion-layout-column fusion_builder_column fusion-builder-column-3 fusion_builder_column_1_1 1_1 fusion-one-full fusion-column-first fusion-column-last\" style=\"--awb-bg-size:cover;--awb-margin-top:0px;--awb-margin-bottom:0px;\"><div class=\"fusion-column-wrapper fusion-flex-column-wrapper-legacy\"><div class=\"fusion-text fusion-text-3\"><p><!-- ========== INTRODUCTION ========== --><\/p>\n<div class=\"recipe-intro reveal\">\n<div class=\"recipe-intro-text\">\n<p>Imagine a baked fromage blanc cream topped with a delicate Vanille Bleue whipped cream. This is what we offer in this tart created by our pastry chef <strong>Thopat Leichnig<\/strong>, adapted from a recipe by <strong>Julien Perrinet<\/strong>, Executive Pastry Chef at the <strong>Grand Hyatt Taipei<\/strong>. <\/p>\n<\/p>\n<\/div>\n<div class=\"recipe-intro-image\">\n        <img decoding=\"async\" src=\"https:\/\/escale-bleue.fr\/wp-content\/uploads\/2020\/07\/Tarte-double-fromage-vanille-bleue-1.jpg\" alt=\"Double Cheese Tart with Vanille Bleue\">\n    <\/div>\n<\/div>\n<\/div><div class=\"fusion-clearfix\"><\/div><\/div><\/div><\/div><\/div>\n<div class=\"fusion-fullwidth fullwidth-box fusion-builder-row-5 hundred-percent-fullwidth non-hundred-percent-height-scrolling\" style=\"--awb-border-radius-top-left:0px;--awb-border-radius-top-right:0px;--awb-border-radius-bottom-right:0px;--awb-border-radius-bottom-left:0px;--awb-padding-top:0px;--awb-padding-right:0px;--awb-padding-bottom:0px;--awb-padding-left:0px;--awb-flex-wrap:wrap;\" ><div class=\"fusion-builder-row fusion-row\"><div class=\"fusion-layout-column fusion_builder_column fusion-builder-column-4 fusion_builder_column_1_1 1_1 fusion-one-full fusion-column-first fusion-column-last\" style=\"--awb-bg-size:cover;--awb-margin-top:0px;--awb-margin-bottom:0px;\"><div class=\"fusion-column-wrapper fusion-flex-column-wrapper-legacy\"><div class=\"fusion-text fusion-text-4\"><p><!-- ========== SECTION 1 : P\u00c2TE SUCR\u00c9E ========== --><\/p>\n<div class=\"recipe-section reveal\">\n<div class=\"section-header\">\n<div class=\"section-number\">01<\/div>\n<h2 class=\"section-title\">Sweet shortcrust pastry<\/h2>\n<div class=\"section-divider\"><\/div>\n<\/p>\n<\/div>\n<div class=\"recipe-columns\">\n<div class=\"ingredients-card\">\n<div class=\"ingredients-label\"><i class=\"fas fa-list\"><\/i> Ingredients<\/div>\n<ul class=\"ingredients-list\">\n<li><span class=\"ingredient-name\">Unsalted butter<\/span><span class=\"ingredient-qty\">110 g<\/span><\/li>\n<li><span class=\"ingredient-name\">Sugar<\/span><span class=\"ingredient-qty\">50 g<\/span><\/li>\n<li><span class=\"ingredient-name\">Trehalose (or icing sugar)<\/span><span class=\"ingredient-qty\">20 g<\/span><\/li>\n<li><span class=\"ingredient-name\">Salt<\/span><span class=\"ingredient-qty\">To taste<\/span><\/li>\n<li><span class=\"ingredient-name\">T45 flour<\/span><span class=\"ingredient-qty\">144 g<\/span><\/li>\n<li><span class=\"ingredient-name\">Toasted T55 flour<\/span><span class=\"ingredient-qty\">44 g<\/span><\/li>\n<li><span class=\"ingredient-name\">Hazelnut flour<\/span><span class=\"ingredient-qty\">20 g<\/span><\/li>\n<li><span class=\"ingredient-name\">Egg yolk<\/span><span class=\"ingredient-qty\">25 g<\/span><\/li>\n<li><span class=\"ingredient-name\">Fresh eggs<\/span><span class=\"ingredient-qty\">20 g<\/span><\/li>\n<li><span class=\"ingredient-name\"><a class=\"ingredient-link\" href=\"https:\/\/shop.escale-bleue.fr\/products\/poudre-de-vanille\">Vanilla powder<\/a><\/span><span class=\"ingredient-qty\">5 g<\/span><\/li>\n<\/ul>\n<\/div>\n<div class=\"method-content\">\n<p>Take the butter and eggs out in advance so they reach room temperature. Prepare the toasted flour in the oven for 20 min at 150\u00b0C and let it cool before sifting with the regular flour. <\/p>\n<p>Cut the butter into pieces in the mixer bowl. Add the sugar, trehalose, salt, hazelnut flour, and <a href=\"https:\/\/shop.escale-bleue.fr\/products\/poudre-de-vanille\"><strong>vanilla powder<\/strong><\/a> to the butter. Mix at medium speed using the paddle attachment until the mixture is creamy and pale yellow.  <\/p>\n<p>Add the eggs and continue mixing until the mixture is smooth and creamy, almost like a buttercream. Scrape down the sides with a spatula. <\/p>\n<p>Add both sifted flours. Mix at low speed without overworking; stop as soon as there are no more traces of flour. <\/p>\n<div class=\"method-tip\">\n                <i class=\"fas fa-lightbulb\"><\/i> Wrap in plastic wrap and refrigerate the dough\u2014let it rest for at least 2 hours, ideally overnight.\n            <\/div>\n<p>Roll out the dough to a thickness of 3 mm. Line the buttered tart rings using a Silpain mat. Rest in the freezer for at least 2 hours. Blind bake at 170\u00b0C for 18-20 min (to have the tarts 80% baked).   <\/p>\n<\/p>\n<\/div>\n<\/div>\n<\/div>\n<\/div><div class=\"fusion-clearfix\"><\/div><\/div><\/div><\/div><\/div>\n<div class=\"fusion-fullwidth fullwidth-box fusion-builder-row-6 hundred-percent-fullwidth non-hundred-percent-height-scrolling\" style=\"--awb-border-radius-top-left:0px;--awb-border-radius-top-right:0px;--awb-border-radius-bottom-right:0px;--awb-border-radius-bottom-left:0px;--awb-padding-top:0px;--awb-padding-right:0px;--awb-padding-bottom:0px;--awb-padding-left:0px;--awb-flex-wrap:wrap;\" ><div class=\"fusion-builder-row fusion-row\"><div class=\"fusion-layout-column fusion_builder_column fusion-builder-column-5 fusion_builder_column_1_1 1_1 fusion-one-full fusion-column-first fusion-column-last\" style=\"--awb-bg-size:cover;--awb-margin-top:0px;--awb-margin-bottom:0px;\"><div class=\"fusion-column-wrapper fusion-flex-column-wrapper-legacy\"><div class=\"fusion-text fusion-text-5\"><p><!-- ========== SECTION 2 : CR\u00c8ME ========== --><\/p>\n<div class=\"recipe-section reveal\">\n<div class=\"section-header\">\n<div class=\"section-number\">02<\/div>\n<h2 class=\"section-title\">Baked fromage blanc cream<\/h2>\n<div class=\"section-divider\"><\/div>\n<\/p>\n<\/div>\n<div class=\"recipe-columns\">\n<div class=\"ingredients-card\">\n<div class=\"ingredients-label\"><i class=\"fas fa-list\"><\/i> Ingredients<\/div>\n<ul class=\"ingredients-list\">\n<li><span class=\"ingredient-name\">Philadelphia cream cheese<\/span><span class=\"ingredient-qty\">150 g<\/span><\/li>\n<li><span class=\"ingredient-name\">Fromage blanc<\/span><span class=\"ingredient-qty\">150 g<\/span><\/li>\n<li><span class=\"ingredient-name\">Egg yolk<\/span><span class=\"ingredient-qty\">70 g<\/span><\/li>\n<li><span class=\"ingredient-name\">Sugar<\/span><span class=\"ingredient-qty\">50 g<\/span><\/li>\n<li><span class=\"ingredient-name\">Semi-skimmed milk<\/span><span class=\"ingredient-qty\">50 g<\/span><\/li>\n<li><span class=\"ingredient-name\">Heavy cream (35% fat)<\/span><span class=\"ingredient-qty\">50 g<\/span><\/li>\n<li><span class=\"ingredient-name\"><a class=\"ingredient-link\" href=\"https:\/\/shop.escale-bleue.fr\/products\/gousses-de-vanille-bleue\">Vanille Bleue<\/a><\/span><span class=\"ingredient-qty\">1 small pod<\/span><\/li>\n<\/ul>\n<\/div>\n<div class=\"method-content\">\n<div class=\"method-tip\">\n                <i class=\"fas fa-hand-sparkles\"><\/i> This step can be done by hand using a whisk and a spatula.\n            <\/div>\n<p>In the mixer bowl, add the cream cheese, fromage blanc, sugar, and <a href=\"https:\/\/shop.escale-bleue.fr\/products\/gousses-de-vanille-bleue\"><strong>Vanille Bleue<\/strong><\/a>, then mix at medium speed with the paddle attachment until the mixture is smooth.<\/p>\n<p>Add the egg yolk, milk, and heavy cream one by one.<\/p>\n<p>Pour into the blind-baked tart shells up to \u00be of the height. Bake at 170\u00b0C for 25-30 min. <\/p>\n<\/p>\n<\/div>\n<\/div>\n<\/div>\n<\/div><div class=\"fusion-clearfix\"><\/div><\/div><\/div><\/div><\/div>\n<div class=\"fusion-fullwidth fullwidth-box fusion-builder-row-7 hundred-percent-fullwidth non-hundred-percent-height-scrolling\" style=\"--awb-border-radius-top-left:0px;--awb-border-radius-top-right:0px;--awb-border-radius-bottom-right:0px;--awb-border-radius-bottom-left:0px;--awb-padding-top:0px;--awb-padding-right:0px;--awb-padding-bottom:0px;--awb-padding-left:0px;--awb-flex-wrap:wrap;\" ><div class=\"fusion-builder-row fusion-row\"><div class=\"fusion-layout-column fusion_builder_column fusion-builder-column-6 fusion_builder_column_1_1 1_1 fusion-one-full fusion-column-first fusion-column-last\" style=\"--awb-bg-size:cover;--awb-margin-top:0px;--awb-margin-bottom:0px;\"><div class=\"fusion-column-wrapper fusion-flex-column-wrapper-legacy\"><div class=\"fusion-text fusion-text-6\"><p><!-- ========== SECTION 3 : CHANTILLY ========== --><\/p>\n<div class=\"recipe-section reveal\">\n<div class=\"section-header\">\n<div class=\"section-number\">03<\/div>\n<h2 class=\"section-title\">Vanille Bleue Whipped Cream<\/h2>\n<div class=\"section-divider\"><\/div>\n<\/p>\n<\/div>\n<div class=\"recipe-columns\">\n<div class=\"ingredients-card\">\n<div class=\"ingredients-label\"><i class=\"fas fa-list\"><\/i> Ingredients<\/div>\n<ul class=\"ingredients-list\">\n<li><span class=\"ingredient-name\">Heavy cream (35% fat)<\/span><span class=\"ingredient-qty\">300 g<\/span><\/li>\n<li><span class=\"ingredient-name\">Sugar<\/span><span class=\"ingredient-qty\">30 g<\/span><\/li>\n<li><span class=\"ingredient-name\"><a class=\"ingredient-link\" href=\"https:\/\/shop.escale-bleue.fr\/products\/gousses-de-vanille-bleue\">Vanille Bleue<\/a><\/span><span class=\"ingredient-qty\">1 small pod<\/span><\/li>\n<\/ul>\n<\/div>\n<div class=\"method-content\">\n<p>In the mixer bowl, whip the cream with the sugar and <a href=\"https:\/\/shop.escale-bleue.fr\/products\/gousses-de-vanille-bleue\"><strong>Vanille Bleue<\/strong><\/a> using the whisk attachment and garnish the cooled tart.<\/p>\n<div class=\"method-tip\">\n                <i class=\"fas fa-lightbulb\"><\/i> Be careful not to over-whip the cream\u2014it should remain soft and smooth.\n            <\/div>\n<\/p>\n<\/div>\n<\/div>\n<\/div>\n<\/div><div class=\"fusion-clearfix\"><\/div><\/div><\/div><\/div><\/div>\n<div class=\"fusion-fullwidth fullwidth-box fusion-builder-row-8 hundred-percent-fullwidth non-hundred-percent-height-scrolling\" style=\"--awb-border-radius-top-left:0px;--awb-border-radius-top-right:0px;--awb-border-radius-bottom-right:0px;--awb-border-radius-bottom-left:0px;--awb-padding-top:0px;--awb-padding-right:0px;--awb-padding-bottom:0px;--awb-padding-left:0px;--awb-flex-wrap:wrap;\" ><div class=\"fusion-builder-row fusion-row\"><div class=\"fusion-layout-column fusion_builder_column fusion-builder-column-7 fusion_builder_column_1_1 1_1 fusion-one-full fusion-column-first fusion-column-last\" style=\"--awb-bg-size:cover;--awb-margin-top:0px;--awb-margin-bottom:0px;\"><div class=\"fusion-column-wrapper fusion-flex-column-wrapper-legacy\"><div class=\"fusion-text fusion-text-7\"><p><!-- ========== FINITION ========== --><\/p>\n<div class=\"recipe-finition reveal\">\n<div class=\"recipe-finition-inner\">\n<div class=\"section-header\" style=\"margin-bottom: 25px;\">\n<div class=\"section-number\">04<\/div>\n<h2 class=\"section-title\">Finishing<\/h2>\n<div class=\"section-divider\"><\/div>\n<\/p>\n<\/div>\n<p>Dust the edge of the tart with icing sugar for an elegant final touch.<\/p>\n<\/p>\n<\/div>\n<\/div>\n<\/div><div class=\"fusion-clearfix\"><\/div><\/div><\/div><\/div><\/div>\n<div class=\"fusion-fullwidth fullwidth-box fusion-builder-row-9 hundred-percent-fullwidth non-hundred-percent-height-scrolling\" style=\"--awb-border-radius-top-left:0px;--awb-border-radius-top-right:0px;--awb-border-radius-bottom-right:0px;--awb-border-radius-bottom-left:0px;--awb-padding-top:0px;--awb-padding-right:0px;--awb-padding-bottom:0px;--awb-padding-left:0px;--awb-flex-wrap:wrap;\" ><div class=\"fusion-builder-row fusion-row\"><div class=\"fusion-layout-column fusion_builder_column fusion-builder-column-8 fusion_builder_column_1_1 1_1 fusion-one-full fusion-column-first fusion-column-last\" style=\"--awb-bg-size:cover;--awb-margin-top:0px;--awb-margin-bottom:0px;\"><div class=\"fusion-column-wrapper fusion-flex-column-wrapper-legacy\"><div class=\"fusion-text fusion-text-8\"><p><!-- ========== GALERIE ========== --><\/p>\n<div class=\"recipe-gallery reveal\">\n<div class=\"gallery-header\">\n<div class=\"section-header\">\n<h2 class=\"section-title\">In pictures<\/h2>\n<div class=\"section-divider\"><\/div>\n<\/p>\n<\/div>\n<\/div>\n<div style=\"margin-bottom: 20px;\">\n<div class=\"gallery-grid\">\n            <img decoding=\"async\" src=\"https:\/\/escale-bleue.fr\/wp-content\/uploads\/2020\/07\/Tarte-double-fromage-vanille-bleue-fb-cover.jpg\" alt=\"Vanille Bleue double cheese tart\"><br \/>\n            <img decoding=\"async\" src=\"https:\/\/escale-bleue.fr\/wp-content\/uploads\/2020\/07\/Tarte-double-fromage-vanille-bleue-2.jpg\" alt=\"Vanille Bleue double cheese tart\">\n        <\/div>\n<\/p>\n<\/div>\n<div class=\"gallery-grid three-cols\">\n        <img decoding=\"async\" src=\"https:\/\/escale-bleue.fr\/wp-content\/uploads\/2020\/07\/Etape-1-Creme-a-cuire-au-fromage-blanc.jpg\" alt=\"Step 1 \u2014 Baked cream\"><br \/>\n        <img decoding=\"async\" src=\"https:\/\/escale-bleue.fr\/wp-content\/uploads\/2020\/07\/Etape-2-Chantilly.jpg\" alt=\"Step 2 \u2014 Whipped cream\"><br \/>\n        <img decoding=\"async\" src=\"https:\/\/escale-bleue.fr\/wp-content\/uploads\/2020\/07\/Etape-3-Lissage.jpg\" alt=\"Step 3 \u2014 Smoothing\">\n    <\/div>\n<\/div>\n<\/div><div class=\"fusion-clearfix\"><\/div><\/div><\/div><\/div><\/div>\n<div class=\"fusion-fullwidth fullwidth-box fusion-builder-row-10 hundred-percent-fullwidth non-hundred-percent-height-scrolling\" style=\"--awb-border-radius-top-left:0px;--awb-border-radius-top-right:0px;--awb-border-radius-bottom-right:0px;--awb-border-radius-bottom-left:0px;--awb-padding-top:0px;--awb-padding-right:0px;--awb-padding-bottom:0px;--awb-padding-left:0px;--awb-flex-wrap:wrap;\" ><div class=\"fusion-builder-row fusion-row\"><div class=\"fusion-layout-column fusion_builder_column fusion-builder-column-9 fusion_builder_column_1_1 1_1 fusion-one-full fusion-column-first fusion-column-last\" style=\"--awb-bg-size:cover;--awb-margin-top:0px;--awb-margin-bottom:0px;\"><div class=\"fusion-column-wrapper fusion-flex-column-wrapper-legacy\"><div class=\"fusion-text fusion-text-9\"><p><!-- ========== CTA ========== --><\/p>\n<div class=\"recipe-cta reveal\">\n<div class=\"recipe-cta-content\">\n<h3 class=\"cta-title\">Want to make this recipe?<\/h3>\n<p class=\"cta-subtitle\">Discover our Vanille Bleue pods and elevate your pastry creations<\/p>\n<div class=\"cta-buttons\">\n            <a href=\"https:\/\/shop.escale-bleue.fr\" class=\"btn btn-primary\">Order<\/a><br \/>\n            <a href=\"https:\/\/escale-bleue.fr\/en\/quest-ce-que-la-vanille-bleue\/\" class=\"btn btn-secondary\">Discover Vanille Bleue<\/a>\n        <\/div>\n<\/p>\n<\/div>\n<\/div>\n<\/div><div class=\"fusion-clearfix\"><\/div><\/div><\/div><\/div><\/div>\n<div class=\"fusion-fullwidth fullwidth-box fusion-builder-row-11 hundred-percent-fullwidth non-hundred-percent-height-scrolling\" style=\"--awb-border-radius-top-left:0px;--awb-border-radius-top-right:0px;--awb-border-radius-bottom-right:0px;--awb-border-radius-bottom-left:0px;--awb-padding-top:0px;--awb-padding-right:0px;--awb-padding-bottom:0px;--awb-padding-left:0px;--awb-flex-wrap:wrap;\" ><div class=\"fusion-builder-row fusion-row\"><div class=\"fusion-layout-column fusion_builder_column fusion-builder-column-10 fusion_builder_column_1_1 1_1 fusion-one-full fusion-column-first fusion-column-last\" style=\"--awb-bg-size:cover;--awb-margin-top:0px;--awb-margin-bottom:0px;\"><div class=\"fusion-column-wrapper fusion-flex-column-wrapper-legacy\"><script>const reveals = document.querySelectorAll('.reveal');\nconst observer = new IntersectionObserver((entries) => {\n    entries.forEach(entry => {\n        if (entry.isIntersecting) {\n            entry.target.classList.add('visible');\n        }\n    });\n}, { threshold: 0.15 });\nreveals.forEach(el => observer.observe(el));\n<\/script><div class=\"fusion-clearfix\"><\/div><\/div><\/div><\/div><\/div>\n","protected":false},"excerpt":{"rendered":"","protected":false},"author":10,"featured_media":24823,"comment_status":"open","ping_status":"open","sticky":false,"template":"","format":"standard","meta":{"footnotes":""},"categories":[161,159],"tags":[],"class_list":["post-24821","post","type-post","status-publish","format-standard","has-post-thumbnail","hentry","category-desserts","category-recipees"],"yoast_head":"<!-- This site is optimized with the Yoast SEO Premium plugin v27.4 (Yoast SEO v27.4) - https:\/\/yoast.com\/product\/yoast-seo-premium-wordpress\/ -->\n<title>Vanille Bleue Double Cheese Tart<\/title>\n<meta name=\"description\" content=\"Double cheese tart featuring a baked fromage blanc cream topped with a delicate Vanille Bleue whipped cream.\" \/>\n<meta name=\"robots\" content=\"index, follow, max-snippet:-1, max-image-preview:large, max-video-preview:-1\" \/>\n<link rel=\"canonical\" href=\"https:\/\/escale-bleue.fr\/en\/2020\/07\/05\/tarte-double-fromage-vanille-bleue\/\" \/>\n<meta property=\"og:locale\" content=\"en_US\" \/>\n<meta property=\"og:type\" content=\"article\" \/>\n<meta property=\"og:title\" content=\"Vanille Bleue Double Cheese Tart\" \/>\n<meta property=\"og:description\" content=\"Double cheese tart featuring a baked fromage blanc cream topped with a delicate Vanille Bleue whipped cream.\" \/>\n<meta property=\"og:url\" content=\"https:\/\/escale-bleue.fr\/en\/2020\/07\/05\/tarte-double-fromage-vanille-bleue\/\" \/>\n<meta property=\"og:site_name\" content=\"Escale Bleue - Atelier Vanille\" \/>\n<meta property=\"article:publisher\" content=\"https:\/\/www.facebook.com\/Escalebleue\" \/>\n<meta property=\"article:author\" content=\"https:\/\/www.facebook.com\/Escalebleue\" \/>\n<meta property=\"article:published_time\" content=\"2020-07-05T15:37:59+00:00\" \/>\n<meta property=\"article:modified_time\" content=\"2026-03-24T16:45:38+00:00\" \/>\n<meta property=\"og:image\" content=\"http:\/\/escale-bleue.fr\/wp-content\/uploads\/2020\/07\/Tarte-double-fromage-vanille-bleue-fb-cover.jpg\" \/>\n<meta name=\"author\" content=\"Nicole Leichnig\" \/>\n<meta name=\"twitter:card\" content=\"summary_large_image\" \/>\n<meta name=\"twitter:title\" content=\"Vanille Bleue Double Cheese Tart\" \/>\n<meta name=\"twitter:creator\" content=\"@EscaleBleue\" \/>\n<meta name=\"twitter:site\" content=\"@EscaleBleue\" \/>\n<meta name=\"twitter:label1\" content=\"Written by\" \/>\n\t<meta name=\"twitter:data1\" content=\"Nicole Leichnig\" \/>\n\t<meta name=\"twitter:label2\" content=\"Est. reading time\" \/>\n\t<meta name=\"twitter:data2\" content=\"8 minutes\" \/>\n<script type=\"application\/ld+json\" class=\"yoast-schema-graph\">{\"@context\":\"https:\\\/\\\/schema.org\",\"@graph\":[{\"@type\":\"Article\",\"@id\":\"https:\\\/\\\/escale-bleue.fr\\\/en\\\/2020\\\/07\\\/05\\\/tarte-double-fromage-vanille-bleue\\\/#article\",\"isPartOf\":{\"@id\":\"https:\\\/\\\/escale-bleue.fr\\\/en\\\/2020\\\/07\\\/05\\\/tarte-double-fromage-vanille-bleue\\\/\"},\"author\":{\"name\":\"Nicole Leichnig\",\"@id\":\"https:\\\/\\\/escale-bleue.fr\\\/en\\\/#\\\/schema\\\/person\\\/1f70b901d3638943e7b936ac6ddf7ace\"},\"headline\":\"Vanille Bleue Double Cheese Tart\",\"datePublished\":\"2020-07-05T15:37:59+00:00\",\"dateModified\":\"2026-03-24T16:45:38+00:00\",\"mainEntityOfPage\":{\"@id\":\"https:\\\/\\\/escale-bleue.fr\\\/en\\\/2020\\\/07\\\/05\\\/tarte-double-fromage-vanille-bleue\\\/\"},\"wordCount\":1644,\"commentCount\":0,\"publisher\":{\"@id\":\"https:\\\/\\\/escale-bleue.fr\\\/en\\\/#organization\"},\"image\":{\"@id\":\"https:\\\/\\\/escale-bleue.fr\\\/en\\\/2020\\\/07\\\/05\\\/tarte-double-fromage-vanille-bleue\\\/#primaryimage\"},\"thumbnailUrl\":\"https:\\\/\\\/escale-bleue.fr\\\/wp-content\\\/uploads\\\/2020\\\/07\\\/tarte-double-fromage-vanille-bleue-featured-1.jpg\",\"articleSection\":[\"Desserts\",\"Recipees\"],\"inLanguage\":\"en-US\",\"potentialAction\":[{\"@type\":\"CommentAction\",\"name\":\"Comment\",\"target\":[\"https:\\\/\\\/escale-bleue.fr\\\/en\\\/2020\\\/07\\\/05\\\/tarte-double-fromage-vanille-bleue\\\/#respond\"]}]},{\"@type\":\"WebPage\",\"@id\":\"https:\\\/\\\/escale-bleue.fr\\\/en\\\/2020\\\/07\\\/05\\\/tarte-double-fromage-vanille-bleue\\\/\",\"url\":\"https:\\\/\\\/escale-bleue.fr\\\/en\\\/2020\\\/07\\\/05\\\/tarte-double-fromage-vanille-bleue\\\/\",\"name\":\"Vanille Bleue Double Cheese Tart\",\"isPartOf\":{\"@id\":\"https:\\\/\\\/escale-bleue.fr\\\/en\\\/#website\"},\"primaryImageOfPage\":{\"@id\":\"https:\\\/\\\/escale-bleue.fr\\\/en\\\/2020\\\/07\\\/05\\\/tarte-double-fromage-vanille-bleue\\\/#primaryimage\"},\"image\":{\"@id\":\"https:\\\/\\\/escale-bleue.fr\\\/en\\\/2020\\\/07\\\/05\\\/tarte-double-fromage-vanille-bleue\\\/#primaryimage\"},\"thumbnailUrl\":\"https:\\\/\\\/escale-bleue.fr\\\/wp-content\\\/uploads\\\/2020\\\/07\\\/tarte-double-fromage-vanille-bleue-featured-1.jpg\",\"datePublished\":\"2020-07-05T15:37:59+00:00\",\"dateModified\":\"2026-03-24T16:45:38+00:00\",\"description\":\"Double cheese tart featuring a baked fromage blanc cream topped with a delicate Vanille Bleue whipped cream.\",\"breadcrumb\":{\"@id\":\"https:\\\/\\\/escale-bleue.fr\\\/en\\\/2020\\\/07\\\/05\\\/tarte-double-fromage-vanille-bleue\\\/#breadcrumb\"},\"inLanguage\":\"en-US\",\"potentialAction\":[{\"@type\":\"ReadAction\",\"target\":[\"https:\\\/\\\/escale-bleue.fr\\\/en\\\/2020\\\/07\\\/05\\\/tarte-double-fromage-vanille-bleue\\\/\"]}]},{\"@type\":\"ImageObject\",\"inLanguage\":\"en-US\",\"@id\":\"https:\\\/\\\/escale-bleue.fr\\\/en\\\/2020\\\/07\\\/05\\\/tarte-double-fromage-vanille-bleue\\\/#primaryimage\",\"url\":\"https:\\\/\\\/escale-bleue.fr\\\/wp-content\\\/uploads\\\/2020\\\/07\\\/tarte-double-fromage-vanille-bleue-featured-1.jpg\",\"contentUrl\":\"https:\\\/\\\/escale-bleue.fr\\\/wp-content\\\/uploads\\\/2020\\\/07\\\/tarte-double-fromage-vanille-bleue-featured-1.jpg\",\"width\":373,\"height\":343},{\"@type\":\"BreadcrumbList\",\"@id\":\"https:\\\/\\\/escale-bleue.fr\\\/en\\\/2020\\\/07\\\/05\\\/tarte-double-fromage-vanille-bleue\\\/#breadcrumb\",\"itemListElement\":[{\"@type\":\"ListItem\",\"position\":1,\"name\":\"Accueil\",\"item\":\"https:\\\/\\\/escale-bleue.fr\\\/en\\\/\"},{\"@type\":\"ListItem\",\"position\":2,\"name\":\"Vanille Bleue Double Cheese Tart\"}]},{\"@type\":\"WebSite\",\"@id\":\"https:\\\/\\\/escale-bleue.fr\\\/en\\\/#website\",\"url\":\"https:\\\/\\\/escale-bleue.fr\\\/en\\\/\",\"name\":\"Escale Bleue - Atelier Vanille \u00e0 la R\u00e9union\",\"description\":\"\",\"publisher\":{\"@id\":\"https:\\\/\\\/escale-bleue.fr\\\/en\\\/#organization\"},\"potentialAction\":[{\"@type\":\"SearchAction\",\"target\":{\"@type\":\"EntryPoint\",\"urlTemplate\":\"https:\\\/\\\/escale-bleue.fr\\\/en\\\/?s={search_term_string}\"},\"query-input\":{\"@type\":\"PropertyValueSpecification\",\"valueRequired\":true,\"valueName\":\"search_term_string\"}}],\"inLanguage\":\"en-US\"},{\"@type\":\"Organization\",\"@id\":\"https:\\\/\\\/escale-bleue.fr\\\/en\\\/#organization\",\"name\":\"Escale Bleue - Atelier Vanille R\u00e9union\",\"url\":\"https:\\\/\\\/escale-bleue.fr\\\/en\\\/\",\"logo\":{\"@type\":\"ImageObject\",\"inLanguage\":\"en-US\",\"@id\":\"https:\\\/\\\/escale-bleue.fr\\\/en\\\/#\\\/schema\\\/logo\\\/image\\\/\",\"url\":\"https:\\\/\\\/escale-bleue.fr\\\/wp-content\\\/uploads\\\/2026\\\/02\\\/logo_escale_bleue_b9afa1.png\",\"contentUrl\":\"https:\\\/\\\/escale-bleue.fr\\\/wp-content\\\/uploads\\\/2026\\\/02\\\/logo_escale_bleue_b9afa1.png\",\"width\":400,\"height\":218,\"caption\":\"Escale Bleue - Atelier Vanille R\u00e9union\"},\"image\":{\"@id\":\"https:\\\/\\\/escale-bleue.fr\\\/en\\\/#\\\/schema\\\/logo\\\/image\\\/\"},\"sameAs\":[\"https:\\\/\\\/www.facebook.com\\\/Escalebleue\",\"https:\\\/\\\/x.com\\\/EscaleBleue\",\"https:\\\/\\\/www.instagram.com\\\/escalebleue\\\/\"]},{\"@type\":\"Person\",\"@id\":\"https:\\\/\\\/escale-bleue.fr\\\/en\\\/#\\\/schema\\\/person\\\/1f70b901d3638943e7b936ac6ddf7ace\",\"name\":\"Nicole Leichnig\",\"image\":{\"@type\":\"ImageObject\",\"inLanguage\":\"en-US\",\"@id\":\"https:\\\/\\\/secure.gravatar.com\\\/avatar\\\/15a0db87cde0573ac8ec5d40671a1ec96c5218edceb4dc06eed820d664a8d63e?s=96&d=mm&r=g\",\"url\":\"https:\\\/\\\/secure.gravatar.com\\\/avatar\\\/15a0db87cde0573ac8ec5d40671a1ec96c5218edceb4dc06eed820d664a8d63e?s=96&d=mm&r=g\",\"contentUrl\":\"https:\\\/\\\/secure.gravatar.com\\\/avatar\\\/15a0db87cde0573ac8ec5d40671a1ec96c5218edceb4dc06eed820d664a8d63e?s=96&d=mm&r=g\",\"caption\":\"Nicole Leichnig\"},\"description\":\"Nicole Leichnig est co-fondatrice d'Escale Bleue et cr\u00e9atrice de la Vanille Bleue, la premi\u00e8re gousse de vanille brevet\u00e9e au monde. Depuis 1986, elle produit et affine la vanille \u00e0 Saint-Philippe, La R\u00e9union. Son proc\u00e9d\u00e9 d'affinage exclusif rend la gousse 100% comestible et d'une qualit\u00e9 aromatique rare \u2014 une innovation r\u00e9compens\u00e9e par le Diamond Taste Award 2024, la plus haute distinction de l'International Taste Institute, apr\u00e8s une d\u00e9cennie de notes maximales d\u00e9cern\u00e9es par 120 chefs \u00e9toil\u00e9s. Disciple d'Escoffier (2014) et Toque Fran\u00e7aise (2020), Nicole transmet son savoir-faire \u00e0 travers des visites guid\u00e9es et l'accueil de chercheurs sur la biodiversit\u00e9 du Sud Sauvage.\",\"sameAs\":[\"https:\\\/\\\/escale-bleue.fr\",\"https:\\\/\\\/www.facebook.com\\\/Escalebleue\",\"https:\\\/\\\/www.instagram.com\\\/escalebleue\\\/\"],\"gender\":\"femme\",\"knowsAbout\":[\"Affinage de vanille\",\"Vanille Bleue\",\"Vanille de La R\u00e9union\",\"Gastronomie\"],\"knowsLanguage\":[\"Fran\u00e7ais\",\"Anglais\"],\"jobTitle\":\"Co-fondatrice et affineuse de vanille\",\"worksFor\":\"Escale Bleue\",\"url\":\"https:\\\/\\\/escale-bleue.fr\\\/en\\\/author\\\/nicole-leichnig\\\/\"}]}<\/script>\n<!-- \/ Yoast SEO Premium plugin. -->","yoast_head_json":{"title":"Vanille Bleue Double Cheese Tart","description":"Double cheese tart featuring a baked fromage blanc cream topped with a delicate Vanille Bleue whipped cream.","robots":{"index":"index","follow":"follow","max-snippet":"max-snippet:-1","max-image-preview":"max-image-preview:large","max-video-preview":"max-video-preview:-1"},"canonical":"https:\/\/escale-bleue.fr\/en\/2020\/07\/05\/tarte-double-fromage-vanille-bleue\/","og_locale":"en_US","og_type":"article","og_title":"Vanille Bleue Double Cheese Tart","og_description":"Double cheese tart featuring a baked fromage blanc cream topped with a delicate Vanille Bleue whipped cream.","og_url":"https:\/\/escale-bleue.fr\/en\/2020\/07\/05\/tarte-double-fromage-vanille-bleue\/","og_site_name":"Escale Bleue - Atelier Vanille","article_publisher":"https:\/\/www.facebook.com\/Escalebleue","article_author":"https:\/\/www.facebook.com\/Escalebleue","article_published_time":"2020-07-05T15:37:59+00:00","article_modified_time":"2026-03-24T16:45:38+00:00","og_image":[{"url":"http:\/\/escale-bleue.fr\/wp-content\/uploads\/2020\/07\/Tarte-double-fromage-vanille-bleue-fb-cover.jpg","type":"","width":"","height":""}],"author":"Nicole Leichnig","twitter_card":"summary_large_image","twitter_title":"Vanille Bleue Double Cheese Tart","twitter_creator":"@EscaleBleue","twitter_site":"@EscaleBleue","twitter_misc":{"Written by":"Nicole Leichnig","Est. reading time":"8 minutes"},"schema":{"@context":"https:\/\/schema.org","@graph":[{"@type":"Article","@id":"https:\/\/escale-bleue.fr\/en\/2020\/07\/05\/tarte-double-fromage-vanille-bleue\/#article","isPartOf":{"@id":"https:\/\/escale-bleue.fr\/en\/2020\/07\/05\/tarte-double-fromage-vanille-bleue\/"},"author":{"name":"Nicole Leichnig","@id":"https:\/\/escale-bleue.fr\/en\/#\/schema\/person\/1f70b901d3638943e7b936ac6ddf7ace"},"headline":"Vanille Bleue Double Cheese Tart","datePublished":"2020-07-05T15:37:59+00:00","dateModified":"2026-03-24T16:45:38+00:00","mainEntityOfPage":{"@id":"https:\/\/escale-bleue.fr\/en\/2020\/07\/05\/tarte-double-fromage-vanille-bleue\/"},"wordCount":1644,"commentCount":0,"publisher":{"@id":"https:\/\/escale-bleue.fr\/en\/#organization"},"image":{"@id":"https:\/\/escale-bleue.fr\/en\/2020\/07\/05\/tarte-double-fromage-vanille-bleue\/#primaryimage"},"thumbnailUrl":"https:\/\/escale-bleue.fr\/wp-content\/uploads\/2020\/07\/tarte-double-fromage-vanille-bleue-featured-1.jpg","articleSection":["Desserts","Recipees"],"inLanguage":"en-US","potentialAction":[{"@type":"CommentAction","name":"Comment","target":["https:\/\/escale-bleue.fr\/en\/2020\/07\/05\/tarte-double-fromage-vanille-bleue\/#respond"]}]},{"@type":"WebPage","@id":"https:\/\/escale-bleue.fr\/en\/2020\/07\/05\/tarte-double-fromage-vanille-bleue\/","url":"https:\/\/escale-bleue.fr\/en\/2020\/07\/05\/tarte-double-fromage-vanille-bleue\/","name":"Vanille Bleue Double Cheese Tart","isPartOf":{"@id":"https:\/\/escale-bleue.fr\/en\/#website"},"primaryImageOfPage":{"@id":"https:\/\/escale-bleue.fr\/en\/2020\/07\/05\/tarte-double-fromage-vanille-bleue\/#primaryimage"},"image":{"@id":"https:\/\/escale-bleue.fr\/en\/2020\/07\/05\/tarte-double-fromage-vanille-bleue\/#primaryimage"},"thumbnailUrl":"https:\/\/escale-bleue.fr\/wp-content\/uploads\/2020\/07\/tarte-double-fromage-vanille-bleue-featured-1.jpg","datePublished":"2020-07-05T15:37:59+00:00","dateModified":"2026-03-24T16:45:38+00:00","description":"Double cheese tart featuring a baked fromage blanc cream topped with a delicate Vanille Bleue whipped cream.","breadcrumb":{"@id":"https:\/\/escale-bleue.fr\/en\/2020\/07\/05\/tarte-double-fromage-vanille-bleue\/#breadcrumb"},"inLanguage":"en-US","potentialAction":[{"@type":"ReadAction","target":["https:\/\/escale-bleue.fr\/en\/2020\/07\/05\/tarte-double-fromage-vanille-bleue\/"]}]},{"@type":"ImageObject","inLanguage":"en-US","@id":"https:\/\/escale-bleue.fr\/en\/2020\/07\/05\/tarte-double-fromage-vanille-bleue\/#primaryimage","url":"https:\/\/escale-bleue.fr\/wp-content\/uploads\/2020\/07\/tarte-double-fromage-vanille-bleue-featured-1.jpg","contentUrl":"https:\/\/escale-bleue.fr\/wp-content\/uploads\/2020\/07\/tarte-double-fromage-vanille-bleue-featured-1.jpg","width":373,"height":343},{"@type":"BreadcrumbList","@id":"https:\/\/escale-bleue.fr\/en\/2020\/07\/05\/tarte-double-fromage-vanille-bleue\/#breadcrumb","itemListElement":[{"@type":"ListItem","position":1,"name":"Accueil","item":"https:\/\/escale-bleue.fr\/en\/"},{"@type":"ListItem","position":2,"name":"Vanille Bleue Double Cheese Tart"}]},{"@type":"WebSite","@id":"https:\/\/escale-bleue.fr\/en\/#website","url":"https:\/\/escale-bleue.fr\/en\/","name":"Escale Bleue - Atelier Vanille \u00e0 la R\u00e9union","description":"","publisher":{"@id":"https:\/\/escale-bleue.fr\/en\/#organization"},"potentialAction":[{"@type":"SearchAction","target":{"@type":"EntryPoint","urlTemplate":"https:\/\/escale-bleue.fr\/en\/?s={search_term_string}"},"query-input":{"@type":"PropertyValueSpecification","valueRequired":true,"valueName":"search_term_string"}}],"inLanguage":"en-US"},{"@type":"Organization","@id":"https:\/\/escale-bleue.fr\/en\/#organization","name":"Escale Bleue - Atelier Vanille R\u00e9union","url":"https:\/\/escale-bleue.fr\/en\/","logo":{"@type":"ImageObject","inLanguage":"en-US","@id":"https:\/\/escale-bleue.fr\/en\/#\/schema\/logo\/image\/","url":"https:\/\/escale-bleue.fr\/wp-content\/uploads\/2026\/02\/logo_escale_bleue_b9afa1.png","contentUrl":"https:\/\/escale-bleue.fr\/wp-content\/uploads\/2026\/02\/logo_escale_bleue_b9afa1.png","width":400,"height":218,"caption":"Escale Bleue - Atelier Vanille R\u00e9union"},"image":{"@id":"https:\/\/escale-bleue.fr\/en\/#\/schema\/logo\/image\/"},"sameAs":["https:\/\/www.facebook.com\/Escalebleue","https:\/\/x.com\/EscaleBleue","https:\/\/www.instagram.com\/escalebleue\/"]},{"@type":"Person","@id":"https:\/\/escale-bleue.fr\/en\/#\/schema\/person\/1f70b901d3638943e7b936ac6ddf7ace","name":"Nicole Leichnig","image":{"@type":"ImageObject","inLanguage":"en-US","@id":"https:\/\/secure.gravatar.com\/avatar\/15a0db87cde0573ac8ec5d40671a1ec96c5218edceb4dc06eed820d664a8d63e?s=96&d=mm&r=g","url":"https:\/\/secure.gravatar.com\/avatar\/15a0db87cde0573ac8ec5d40671a1ec96c5218edceb4dc06eed820d664a8d63e?s=96&d=mm&r=g","contentUrl":"https:\/\/secure.gravatar.com\/avatar\/15a0db87cde0573ac8ec5d40671a1ec96c5218edceb4dc06eed820d664a8d63e?s=96&d=mm&r=g","caption":"Nicole Leichnig"},"description":"Nicole Leichnig est co-fondatrice d'Escale Bleue et cr\u00e9atrice de la Vanille Bleue, la premi\u00e8re gousse de vanille brevet\u00e9e au monde. Depuis 1986, elle produit et affine la vanille \u00e0 Saint-Philippe, La R\u00e9union. Son proc\u00e9d\u00e9 d'affinage exclusif rend la gousse 100% comestible et d'une qualit\u00e9 aromatique rare \u2014 une innovation r\u00e9compens\u00e9e par le Diamond Taste Award 2024, la plus haute distinction de l'International Taste Institute, apr\u00e8s une d\u00e9cennie de notes maximales d\u00e9cern\u00e9es par 120 chefs \u00e9toil\u00e9s. Disciple d'Escoffier (2014) et Toque Fran\u00e7aise (2020), Nicole transmet son savoir-faire \u00e0 travers des visites guid\u00e9es et l'accueil de chercheurs sur la biodiversit\u00e9 du Sud Sauvage.","sameAs":["https:\/\/escale-bleue.fr","https:\/\/www.facebook.com\/Escalebleue","https:\/\/www.instagram.com\/escalebleue\/"],"gender":"femme","knowsAbout":["Affinage de vanille","Vanille Bleue","Vanille de La R\u00e9union","Gastronomie"],"knowsLanguage":["Fran\u00e7ais","Anglais"],"jobTitle":"Co-fondatrice et affineuse de vanille","worksFor":"Escale Bleue","url":"https:\/\/escale-bleue.fr\/en\/author\/nicole-leichnig\/"}]}},"_links":{"self":[{"href":"https:\/\/escale-bleue.fr\/en\/wp-json\/wp\/v2\/posts\/24821","targetHints":{"allow":["GET"]}}],"collection":[{"href":"https:\/\/escale-bleue.fr\/en\/wp-json\/wp\/v2\/posts"}],"about":[{"href":"https:\/\/escale-bleue.fr\/en\/wp-json\/wp\/v2\/types\/post"}],"author":[{"embeddable":true,"href":"https:\/\/escale-bleue.fr\/en\/wp-json\/wp\/v2\/users\/10"}],"replies":[{"embeddable":true,"href":"https:\/\/escale-bleue.fr\/en\/wp-json\/wp\/v2\/comments?post=24821"}],"version-history":[{"count":2,"href":"https:\/\/escale-bleue.fr\/en\/wp-json\/wp\/v2\/posts\/24821\/revisions"}],"predecessor-version":[{"id":24825,"href":"https:\/\/escale-bleue.fr\/en\/wp-json\/wp\/v2\/posts\/24821\/revisions\/24825"}],"wp:featuredmedia":[{"embeddable":true,"href":"https:\/\/escale-bleue.fr\/en\/wp-json\/wp\/v2\/media\/24823"}],"wp:attachment":[{"href":"https:\/\/escale-bleue.fr\/en\/wp-json\/wp\/v2\/media?parent=24821"}],"wp:term":[{"taxonomy":"category","embeddable":true,"href":"https:\/\/escale-bleue.fr\/en\/wp-json\/wp\/v2\/categories?post=24821"},{"taxonomy":"post_tag","embeddable":true,"href":"https:\/\/escale-bleue.fr\/en\/wp-json\/wp\/v2\/tags?post=24821"}],"curies":[{"name":"wp","href":"https:\/\/api.w.org\/{rel}","templated":true}]}}