{"id":3193,"date":"2014-07-05T03:35:51","date_gmt":"2014-07-05T01:35:51","guid":{"rendered":"http:\/\/escale-bleue.fr\/2014\/07\/05\/vertus-des-epices-et-de-la-vanille-2\/"},"modified":"2026-03-24T18:48:05","modified_gmt":"2026-03-24T16:48:05","slug":"vertus-des-epices-et-de-la-vanille","status":"publish","type":"post","link":"https:\/\/escale-bleue.fr\/en\/2014\/07\/05\/vertus-des-epices-et-de-la-vanille\/","title":{"rendered":"Arte &#8211; X:enius : Les vertus des \u00e9pices et de la vanille"},"content":{"rendered":"<div class=\"fusion-fullwidth fullwidth-box fusion-builder-row-1 hundred-percent-fullwidth non-hundred-percent-height-scrolling\" style=\"--awb-border-radius-top-left:0px;--awb-border-radius-top-right:0px;--awb-border-radius-bottom-right:0px;--awb-border-radius-bottom-left:0px;--awb-padding-top:0px;--awb-padding-right:0px;--awb-padding-bottom:0px;--awb-padding-left:0px;--awb-flex-wrap:wrap;\" ><div class=\"fusion-builder-row fusion-row\"><div class=\"fusion-layout-column fusion_builder_column fusion-builder-column-0 fusion_builder_column_1_1 1_1 fusion-one-full fusion-column-first fusion-column-last\" style=\"--awb-bg-size:cover;--awb-margin-top:0px;--awb-margin-bottom:0px;\"><div class=\"fusion-column-wrapper fusion-flex-column-wrapper-legacy\"><link rel=\"stylesheet\" href=\"https:\/\/escale-bleue.fr\/wp-content\/uploads\/recipe-style.css?v=6\">\n<link rel=\"stylesheet\" href=\"https:\/\/cdnjs.cloudflare.com\/ajax\/libs\/font-awesome\/6.5.1\/css\/all.min.css\"><div class=\"fusion-clearfix\"><\/div><\/div><\/div><\/div><\/div>\n<div class=\"fusion-fullwidth fullwidth-box fusion-builder-row-2 hundred-percent-fullwidth non-hundred-percent-height-scrolling\" style=\"--awb-border-radius-top-left:0px;--awb-border-radius-top-right:0px;--awb-border-radius-bottom-right:0px;--awb-border-radius-bottom-left:0px;--awb-padding-top:0px;--awb-padding-right:0px;--awb-padding-bottom:0px;--awb-padding-left:0px;--awb-flex-wrap:wrap;\" ><div class=\"fusion-builder-row fusion-row\"><div class=\"fusion-layout-column fusion_builder_column fusion-builder-column-1 fusion_builder_column_1_1 1_1 fusion-one-full fusion-column-first fusion-column-last\" style=\"--awb-bg-size:cover;--awb-margin-top:0px;--awb-margin-bottom:0px;\"><div class=\"fusion-column-wrapper fusion-flex-column-wrapper-legacy\"><div class=\"fusion-text fusion-text-1\"><div class=\"recipe-header\">\n<div class=\"recipe-header-content\">\n<div class=\"recipe-category animate animate-delay-1\">M\u00e9dia<\/div>\n<h1 class=\"recipe-title animate animate-delay-2\">Les vertus des \u00e9pices et de la vanille<br \/>Arte X:enius chez Escale Bleue<\/h1>\n<p class=\"recipe-subtitle animate animate-delay-3\">\u00c9mission scientifique \u2014 Arte TV \u2014 La R\u00e9union<\/p>\n<div class=\"social-icons animate animate-delay-4\"><a href=\"https:\/\/www.facebook.com\/Escalebleue\" target=\"_blank\" class=\"social-icon\" title=\"Facebook\"><i class=\"fab fa-facebook-f\"><\/i><\/a><a href=\"https:\/\/www.instagram.com\/escalebleue\/\" target=\"_blank\" class=\"social-icon\" title=\"Instagram\"><i class=\"fab fa-instagram\"><\/i><\/a><\/div>\n<\/p>\n<\/div>\n<\/div>\n<\/div><div class=\"fusion-clearfix\"><\/div><\/div><\/div><\/div><\/div>\n<div class=\"fusion-fullwidth fullwidth-box fusion-builder-row-3 hundred-percent-fullwidth non-hundred-percent-height-scrolling\" style=\"--awb-border-radius-top-left:0px;--awb-border-radius-top-right:0px;--awb-border-radius-bottom-right:0px;--awb-border-radius-bottom-left:0px;--awb-padding-top:0px;--awb-padding-right:0px;--awb-padding-bottom:0px;--awb-padding-left:0px;--awb-flex-wrap:wrap;\" ><div class=\"fusion-builder-row fusion-row\"><div class=\"fusion-layout-column fusion_builder_column fusion-builder-column-2 fusion_builder_column_1_1 1_1 fusion-one-full fusion-column-first fusion-column-last\" style=\"--awb-bg-size:cover;--awb-margin-top:0px;--awb-margin-bottom:0px;\"><div class=\"fusion-column-wrapper fusion-flex-column-wrapper-legacy\"><div class=\"fusion-text fusion-text-2\"><div class=\"recipe-intro reveal\">\n<div class=\"recipe-intro-text\">\n<p>Depuis des si\u00e8cles, les \u00e9pices se n\u00e9gocient \u00e0 prix d&#8217;or. Mais leur valeur n&#8217;est pas seulement li\u00e9e \u00e0 l&#8217;effet qu&#8217;elles produisent sur les papilles gustatives : les \u00e9pices ont \u00e9galement des vertus expectorantes ou activent le syst\u00e8me digestif. De plus, les scientifiques ont d\u00e9couvert qu&#8217;elles influent aussi sur le psychisme en procurant un sentiment de bien-\u00eatre. \u00c0 La R\u00e9union, <strong>Escale Bleue<\/strong> a accueilli l&#8217;\u00e9quipe de la cha\u00eene tv <strong>Arte<\/strong> pour l&#8217;\u00e9mission scientifique <strong>X:enius<\/strong>, qui s&#8217;est lanc\u00e9e \u00e0 la d\u00e9couverte des <strong>vertus des \u00e9pices et de la vanille<\/strong>.<\/p>\n<\/p>\n<\/div>\n<div class=\"recipe-intro-image\">\n        <img decoding=\"async\" src=\"http:\/\/escale-bleue.fr\/wp-content\/uploads\/2014\/07\/xenius-\u00e9pices-vanille11.jpg\" alt=\"Arte X:enius \u2014 vertus des \u00e9pices et de la vanille \u2014 Escale Bleue\">\n    <\/div>\n<\/div>\n<\/div><div class=\"fusion-clearfix\"><\/div><\/div><\/div><\/div><\/div>\n<p><!-- \u2550\u2550\u2550\u2550\u2550\u2550\u2550 SECTION 01 : Du labeur au plaisir \u2550\u2550\u2550\u2550\u2550\u2550\u2550 --><\/p>\n<div class=\"fusion-fullwidth fullwidth-box fusion-builder-row-4 hundred-percent-fullwidth non-hundred-percent-height-scrolling\" style=\"--awb-border-radius-top-left:0px;--awb-border-radius-top-right:0px;--awb-border-radius-bottom-right:0px;--awb-border-radius-bottom-left:0px;--awb-padding-top:0px;--awb-padding-right:0px;--awb-padding-bottom:0px;--awb-padding-left:0px;--awb-flex-wrap:wrap;\" ><div class=\"fusion-builder-row fusion-row\"><div class=\"fusion-layout-column fusion_builder_column fusion-builder-column-3 fusion_builder_column_1_1 1_1 fusion-one-full fusion-column-first fusion-column-last\" style=\"--awb-bg-size:cover;--awb-margin-top:0px;--awb-margin-bottom:0px;\"><div class=\"fusion-column-wrapper fusion-flex-column-wrapper-legacy\"><div class=\"fusion-text fusion-text-3\"><div class=\"recipe-section reveal\">\n<div class=\"section-header\">\n<div class=\"section-number\">01<\/div>\n<h2 class=\"section-title\">Du labeur au plaisir<\/h2>\n<div class=\"section-divider\"><\/div>\n<\/p>\n<\/div>\n<div class=\"recipe-columns\">\n<div class=\"method-content\" style=\"flex:1;\">\n<p>Les moines du Moyen-\u00c2ge ont largement contribu\u00e9 aux connaissances actuelles de la <strong>phytoth\u00e9rapie<\/strong>. Leurs savoirs nous sont \u00e9galement parvenus par le biais de leurs recettes de cuisine. \u00c0 l&#8217;\u00e9poque, ils savaient d\u00e9j\u00e0 que les m\u00e9dicaments les plus efficaces sont ceux qu&#8217;on avale avec plaisir.<\/p>\n<div style=\"text-align:center;margin:20px 0;\">\n                <img decoding=\"async\" src=\"http:\/\/escale-bleue.fr\/wp-content\/uploads\/2014\/07\/fleur-de-vanille-2-300x224.jpg\" alt=\"Fleur de vanille \u2014 vertus des \u00e9pices\" style=\"display:inline-block;max-width:40%;\">\n            <\/div>\n<p>Un parfait exemple en sont les <strong>\u00e9pices<\/strong> qui ont un parfum enivrant. D&#8217;ailleurs, leurs huiles essentielles ont souvent des <strong>vertus curatives<\/strong>, mais leur culture n&#8217;est parfois pas chose ais\u00e9e. C&#8217;est notamment le cas de la <strong>vanille<\/strong>.<\/p>\n<p>La vanille est une orchid\u00e9e qui vit en symbiose avec la nature. Plante complexe, elle n\u00e9cessite un respect de certaines \u00e9tapes de son cycle biologique pour offrir le meilleur <strong>ar\u00f4me<\/strong> possible. \u00c0 La R\u00e9union, la r\u00e9colte s&#8217;effectue \u00e0 partir du mois de juillet. Dans un souci de qualit\u00e9, les gousses vont rester vertes sur la plante pendant un minimum de <strong>9 mois<\/strong>.<\/p>\n<p>La <strong>fleur de vanille<\/strong> a la caract\u00e9ristique d&#8217;\u00eatre hermaphrodite, c&#8217;est-\u00e0-dire qu&#8217;elle contient \u00e0 la fois les sexes m\u00e2le et femelle. Cependant, une intervention ext\u00e9rieure est n\u00e9cessaire pour permettre le contact physique entre ces deux sexes qui sont s\u00e9par\u00e9s par une fine membrane. Les insectes peuvent effectuer cette intervention en butinant la fleur, mais cela reste al\u00e9atoire et non productif. Une intervention manuelle est donc requise. Une fleur ne s&#8217;ouvre que quelques heures avant de mourir et donnera une seule et unique gousse. Le travail du producteur consiste donc \u00e0 faire de <strong>1000 \u00e0 1500 fleurs par jour<\/strong>, manuellement !<\/p>\n<p>S&#8217;ensuit une p\u00e9riode de <strong>pr\u00e9paration de la vanille<\/strong> qui durera plus d&#8217;une ann\u00e9e avec, pour 1000 gousses, <strong>3000 \u00e0 4000 manipulations manuelles<\/strong>. Il faut donc un travail cons\u00e9quent avant que la vanille puisse d\u00e9livrer son ar\u00f4me d\u00e9licate pour le plaisir de tous, ce qui peut d&#8217;ailleurs expliquer le prix \u00e9lev\u00e9 de la vanille compar\u00e9 \u00e0 d&#8217;autres \u00e9pices.<\/p>\n<\/p>\n<\/div>\n<\/div>\n<\/div>\n<\/div><div class=\"fusion-clearfix\"><\/div><\/div><\/div><\/div><\/div>\n<p><!-- \u2550\u2550\u2550\u2550\u2550\u2550\u2550 SECTION 02 : La vanille : un aphrodisiaque \u2550\u2550\u2550\u2550\u2550\u2550\u2550 --><\/p>\n<div class=\"fusion-fullwidth fullwidth-box fusion-builder-row-5 hundred-percent-fullwidth non-hundred-percent-height-scrolling\" style=\"--awb-border-radius-top-left:0px;--awb-border-radius-top-right:0px;--awb-border-radius-bottom-right:0px;--awb-border-radius-bottom-left:0px;--awb-padding-top:0px;--awb-padding-right:0px;--awb-padding-bottom:0px;--awb-padding-left:0px;--awb-flex-wrap:wrap;\" ><div class=\"fusion-builder-row fusion-row\"><div class=\"fusion-layout-column fusion_builder_column fusion-builder-column-4 fusion_builder_column_1_1 1_1 fusion-one-full fusion-column-first fusion-column-last\" style=\"--awb-bg-size:cover;--awb-margin-top:0px;--awb-margin-bottom:0px;\"><div class=\"fusion-column-wrapper fusion-flex-column-wrapper-legacy\"><div class=\"fusion-text fusion-text-4\"><div class=\"recipe-section reveal\">\n<div class=\"section-header\">\n<div class=\"section-number\">02<\/div>\n<h2 class=\"section-title\">La vanille : un aphrodisiaque<\/h2>\n<div class=\"section-divider\"><\/div>\n<\/p>\n<\/div>\n<div class=\"recipe-columns\">\n<div class=\"method-content\" style=\"flex:1;\">\n<p>Dans toutes les civilisations, la r\u00e9ponse \u00e0 la question de la <strong>libido<\/strong> a toujours \u00e9t\u00e9 cherch\u00e9e dans les \u00e9pices, qui suscitent des r\u00e9actions organiques allant de la bonne humeur \u00e0 la pulsion sexuelle. Et cela a \u00e9t\u00e9 scientifiquement prouv\u00e9.<\/p>\n<div style=\"text-align:center;margin:20px 0;\">\n                <img decoding=\"async\" src=\"http:\/\/escale-bleue.fr\/wp-content\/uploads\/2014\/07\/dopamine-neurones-vanille.jpg\" alt=\"Dopamine et neurones \u2014 vanille aphrodisiaque\" style=\"display:inline-block;max-width:35%;\">\n            <\/div>\n<p>Des chercheurs ont extrait les principes actifs des plantes et effectu\u00e9 des \u00e9tudes cliniques pour d\u00e9couvrir s&#8217;ils ont une action mesurable sur l&#8217;organisme. Un questionnaire a permis d&#8217;\u00e9valuer le d\u00e9sir amoureux des volontaires. De fait, dans l&#8217;une des \u00e9tudes, une grande partie d&#8217;entre eux signalent une l\u00e9g\u00e8re augmentation de leur <strong>d\u00e9sir sexuel<\/strong>.<\/p>\n<p>Quant \u00e0 la vanille, elle agit sur les <strong>nerfs olfactifs<\/strong> en liaison directe avec l&#8217;<strong>hypothalamus<\/strong>, une partie du cerveau qui commande notamment les pulsions sexuelles. L&#8217;hypothalamus produit de la <strong>dopamine<\/strong>, le neurotransmetteur du bien-\u00eatre, de la r\u00e9compense. Sa stimulation entra\u00eene la s\u00e9cr\u00e9tion de dopamine qui induit \u00e0 son tour une sensation de plaisir.<\/p>\n<p>Mais il est \u00e0 noter que les vertus des \u00e9pices et de la vanille ont un effet limit\u00e9 en mati\u00e8re d&#8217;<strong>effets aphrodisiaques<\/strong>, l&#8217;\u00e9tat d&#8217;esprit restant primordial pour atteindre le but escompt\u00e9. Pour s\u00e9duire, mieux vaut donc miser sur l&#8217;ambiance et l&#8217;humeur propice qui agissent directement sur le centre du plaisir situ\u00e9 dans le cerveau. Les \u00e9pices seules ne font pas grand-chose mais peuvent agr\u00e9menter un bon repas, du <strong>petit plus d\u00e9cisif<\/strong>.<\/p>\n<div class=\"gallery-grid\" style=\"margin:20px 0;\">\n                <img decoding=\"async\" src=\"http:\/\/escale-bleue.fr\/wp-content\/uploads\/2014\/07\/xenius-aim\u00e9-leichnig-escale-bleue-arte-tv-\u00e9pices-vanille1.jpg\" alt=\"Aim\u00e9 Leichnig \u2014 Escale Bleue \u2014 tournage Arte X:enius\"><br \/>\n                <img decoding=\"async\" src=\"http:\/\/escale-bleue.fr\/wp-content\/uploads\/2014\/07\/xenius-Gunnar-Mergner-Caro-Matzko1.jpg\" alt=\"Gunnar Mergner et Caro Matzko \u2014 Arte X:enius \u00e0 La R\u00e9union\">\n            <\/div>\n<p style=\"text-align:center;\">Pour voir l&#8217;\u00e9mission \u00ab <strong>X:enius : Quel est l&#8217;effet des \u00e9pices sur notre organisme ?<\/strong> \u00bb, <a href=\"https:\/\/escale-bleue.fr\/?page_id=17\" target=\"_blank\"><strong>cliquez ici<\/strong><\/a>. Pour le site web officiel de la <strong>cha\u00eene Arte<\/strong> : <a href=\"http:\/\/www.arte.tv\/guide\/fr\/044074-028\/x-enius\" target=\"_blank\"><strong>cliquez ici<\/strong><\/a>.<\/p>\n<\/p>\n<\/div>\n<\/div>\n<\/div>\n<\/div><div class=\"fusion-clearfix\"><\/div><\/div><\/div><\/div><\/div>\n<p><!-- \u2550\u2550\u2550\u2550\u2550\u2550\u2550 CTA \u2550\u2550\u2550\u2550\u2550\u2550\u2550 --><\/p>\n<div class=\"fusion-fullwidth fullwidth-box fusion-builder-row-6 hundred-percent-fullwidth non-hundred-percent-height-scrolling\" style=\"--awb-border-radius-top-left:0px;--awb-border-radius-top-right:0px;--awb-border-radius-bottom-right:0px;--awb-border-radius-bottom-left:0px;--awb-padding-top:0px;--awb-padding-right:0px;--awb-padding-bottom:0px;--awb-padding-left:0px;--awb-flex-wrap:wrap;\" ><div class=\"fusion-builder-row fusion-row\"><div class=\"fusion-layout-column fusion_builder_column fusion-builder-column-5 fusion_builder_column_1_1 1_1 fusion-one-full fusion-column-first fusion-column-last\" style=\"--awb-bg-size:cover;--awb-margin-top:0px;--awb-margin-bottom:0px;\"><div class=\"fusion-column-wrapper fusion-flex-column-wrapper-legacy\"><div class=\"fusion-text fusion-text-5\"><div class=\"recipe-cta reveal\">\n<div class=\"recipe-cta-content\">\n<h3 class=\"cta-title\">Envie de d\u00e9couvrir la Vanille Bleue ?<\/h3>\n<p class=\"cta-subtitle\">Sublimez vos cr\u00e9ations culinaires avec nos gousses de Vanille Bleue<\/p>\n<div class=\"cta-buttons\">\n            <a href=\"https:\/\/shop.escale-bleue.fr\" class=\"btn btn-primary\" style=\"color:#fff !important;\">Commander<\/a><br \/>\n            <a href=\"https:\/\/escale-bleue.fr\/en\/quest-ce-que-la-vanille-bleue\/\" class=\"btn btn-secondary\">D\u00e9couvrir la Vanille Bleue<\/a>\n        <\/div>\n<\/p>\n<\/div>\n<\/div>\n<\/div><div class=\"fusion-clearfix\"><\/div><\/div><\/div><\/div><\/div>\n<div class=\"fusion-fullwidth fullwidth-box fusion-builder-row-7 hundred-percent-fullwidth non-hundred-percent-height-scrolling\" style=\"--awb-border-radius-top-left:0px;--awb-border-radius-top-right:0px;--awb-border-radius-bottom-right:0px;--awb-border-radius-bottom-left:0px;--awb-padding-top:0px;--awb-padding-right:0px;--awb-padding-bottom:0px;--awb-padding-left:0px;--awb-flex-wrap:wrap;\" ><div class=\"fusion-builder-row fusion-row\"><div class=\"fusion-layout-column fusion_builder_column fusion-builder-column-6 fusion_builder_column_1_1 1_1 fusion-one-full fusion-column-first fusion-column-last\" style=\"--awb-bg-size:cover;--awb-margin-top:0px;--awb-margin-bottom:0px;\"><div class=\"fusion-column-wrapper fusion-flex-column-wrapper-legacy\"><script>\nconst reveals = document.querySelectorAll('.reveal');\nconst observer = new IntersectionObserver((entries) => {\n    entries.forEach(entry => {\n        if (entry.isIntersecting) {\n            entry.target.classList.add('visible');\n        }\n    });\n}, { threshold: 0.15 });\nreveals.forEach(el => observer.observe(el));\n<\/script><div class=\"fusion-clearfix\"><\/div><\/div><\/div><\/div><\/div>\n","protected":false},"excerpt":{"rendered":"<p>Depuis des si\u00e8cles, les \u00e9pices se n\u00e9gocient \u00e0 prix d&#8217;or. Mais leur valeur n&#8217;est pas seulement li\u00e9e \u00e0 l&#8217;effet qu&#8217;elles produisent sur les papilles gustatives&#8230; Escale Bleue s&#8217;est lanc\u00e9e, avec l\u2019\u00e9quipe de la cha\u00eene Arte pour l&#8217;\u00e9mission scientifique X:enius, \u00e0 la d\u00e9couverte des vertus des \u00e9pices et de la vanille.<\/p>\n","protected":false},"author":10,"featured_media":24893,"comment_status":"open","ping_status":"open","sticky":false,"template":"","format":"standard","meta":{"footnotes":""},"categories":[153],"tags":[],"class_list":["post-3193","post","type-post","status-publish","format-standard","has-post-thumbnail","hentry","category-articles"],"yoast_head":"<!-- This site is optimized with the Yoast SEO Premium plugin v27.4 (Yoast SEO v27.4) - https:\/\/yoast.com\/product\/yoast-seo-premium-wordpress\/ -->\n<title>Arte - X:enius : Les vertus des \u00e9pices et de la vanille &#8211; Escale Bleue - Atelier Vanille<\/title>\n<meta name=\"robots\" content=\"index, follow, max-snippet:-1, max-image-preview:large, max-video-preview:-1\" \/>\n<link rel=\"canonical\" href=\"https:\/\/escale-bleue.fr\/en\/2014\/07\/05\/vertus-des-epices-et-de-la-vanille\/\" \/>\n<meta property=\"og:locale\" content=\"en_US\" \/>\n<meta property=\"og:type\" content=\"article\" \/>\n<meta property=\"og:title\" content=\"Arte - X:enius : Les vertus des \u00e9pices et de la vanille\" \/>\n<meta property=\"og:description\" content=\"Depuis des si\u00e8cles, les \u00e9pices se n\u00e9gocient \u00e0 prix d&#039;or. Mais leur valeur n&#039;est pas seulement li\u00e9e \u00e0 l&#039;effet qu&#039;elles produisent sur les papilles gustatives... Escale Bleue s&#039;est lanc\u00e9e, avec l\u2019\u00e9quipe de la cha\u00eene Arte pour l&#039;\u00e9mission scientifique X:enius, \u00e0 la d\u00e9couverte des vertus des \u00e9pices et de la vanille.\" \/>\n<meta property=\"og:url\" content=\"https:\/\/escale-bleue.fr\/en\/2014\/07\/05\/vertus-des-epices-et-de-la-vanille\/\" \/>\n<meta property=\"og:site_name\" content=\"Escale Bleue - Atelier Vanille\" \/>\n<meta property=\"article:publisher\" content=\"https:\/\/www.facebook.com\/Escalebleue\" \/>\n<meta property=\"article:author\" content=\"https:\/\/www.facebook.com\/Escalebleue\" \/>\n<meta property=\"article:published_time\" content=\"2014-07-05T01:35:51+00:00\" \/>\n<meta property=\"article:modified_time\" content=\"2026-03-24T16:48:05+00:00\" \/>\n<meta property=\"og:image\" content=\"http:\/\/escale-bleue.fr\/wp-content\/uploads\/2016\/05\/Vanille-Bleue-affinage.jpg\" \/>\n<meta name=\"author\" content=\"Nicole Leichnig\" \/>\n<meta name=\"twitter:card\" content=\"summary_large_image\" \/>\n<meta name=\"twitter:creator\" content=\"@EscaleBleue\" \/>\n<meta name=\"twitter:site\" content=\"@EscaleBleue\" \/>\n<meta name=\"twitter:label1\" content=\"Written by\" \/>\n\t<meta name=\"twitter:data1\" content=\"Nicole Leichnig\" \/>\n\t<meta name=\"twitter:label2\" content=\"Est. reading time\" \/>\n\t<meta name=\"twitter:data2\" content=\"8 minutes\" \/>\n<script type=\"application\/ld+json\" class=\"yoast-schema-graph\">{\"@context\":\"https:\\\/\\\/schema.org\",\"@graph\":[{\"@type\":\"Article\",\"@id\":\"https:\\\/\\\/escale-bleue.fr\\\/en\\\/2014\\\/07\\\/05\\\/vertus-des-epices-et-de-la-vanille\\\/#article\",\"isPartOf\":{\"@id\":\"https:\\\/\\\/escale-bleue.fr\\\/en\\\/2014\\\/07\\\/05\\\/vertus-des-epices-et-de-la-vanille\\\/\"},\"author\":{\"name\":\"Nicole Leichnig\",\"@id\":\"https:\\\/\\\/escale-bleue.fr\\\/en\\\/#\\\/schema\\\/person\\\/1f70b901d3638943e7b936ac6ddf7ace\"},\"headline\":\"Arte &#8211; X:enius : Les vertus des \u00e9pices et de la vanille\",\"datePublished\":\"2014-07-05T01:35:51+00:00\",\"dateModified\":\"2026-03-24T16:48:05+00:00\",\"mainEntityOfPage\":{\"@id\":\"https:\\\/\\\/escale-bleue.fr\\\/en\\\/2014\\\/07\\\/05\\\/vertus-des-epices-et-de-la-vanille\\\/\"},\"wordCount\":1543,\"commentCount\":0,\"publisher\":{\"@id\":\"https:\\\/\\\/escale-bleue.fr\\\/en\\\/#organization\"},\"image\":{\"@id\":\"https:\\\/\\\/escale-bleue.fr\\\/en\\\/2014\\\/07\\\/05\\\/vertus-des-epices-et-de-la-vanille\\\/#primaryimage\"},\"thumbnailUrl\":\"https:\\\/\\\/escale-bleue.fr\\\/wp-content\\\/uploads\\\/2014\\\/07\\\/xenius-featured2.jpg\",\"articleSection\":[\"Articles\"],\"inLanguage\":\"en-US\",\"potentialAction\":[{\"@type\":\"CommentAction\",\"name\":\"Comment\",\"target\":[\"https:\\\/\\\/escale-bleue.fr\\\/en\\\/2014\\\/07\\\/05\\\/vertus-des-epices-et-de-la-vanille\\\/#respond\"]}]},{\"@type\":\"WebPage\",\"@id\":\"https:\\\/\\\/escale-bleue.fr\\\/en\\\/2014\\\/07\\\/05\\\/vertus-des-epices-et-de-la-vanille\\\/\",\"url\":\"https:\\\/\\\/escale-bleue.fr\\\/en\\\/2014\\\/07\\\/05\\\/vertus-des-epices-et-de-la-vanille\\\/\",\"name\":\"Arte - X:enius : Les vertus des \u00e9pices et de la vanille &#8211; Escale Bleue - Atelier Vanille\",\"isPartOf\":{\"@id\":\"https:\\\/\\\/escale-bleue.fr\\\/en\\\/#website\"},\"primaryImageOfPage\":{\"@id\":\"https:\\\/\\\/escale-bleue.fr\\\/en\\\/2014\\\/07\\\/05\\\/vertus-des-epices-et-de-la-vanille\\\/#primaryimage\"},\"image\":{\"@id\":\"https:\\\/\\\/escale-bleue.fr\\\/en\\\/2014\\\/07\\\/05\\\/vertus-des-epices-et-de-la-vanille\\\/#primaryimage\"},\"thumbnailUrl\":\"https:\\\/\\\/escale-bleue.fr\\\/wp-content\\\/uploads\\\/2014\\\/07\\\/xenius-featured2.jpg\",\"datePublished\":\"2014-07-05T01:35:51+00:00\",\"dateModified\":\"2026-03-24T16:48:05+00:00\",\"breadcrumb\":{\"@id\":\"https:\\\/\\\/escale-bleue.fr\\\/en\\\/2014\\\/07\\\/05\\\/vertus-des-epices-et-de-la-vanille\\\/#breadcrumb\"},\"inLanguage\":\"en-US\",\"potentialAction\":[{\"@type\":\"ReadAction\",\"target\":[\"https:\\\/\\\/escale-bleue.fr\\\/en\\\/2014\\\/07\\\/05\\\/vertus-des-epices-et-de-la-vanille\\\/\"]}]},{\"@type\":\"ImageObject\",\"inLanguage\":\"en-US\",\"@id\":\"https:\\\/\\\/escale-bleue.fr\\\/en\\\/2014\\\/07\\\/05\\\/vertus-des-epices-et-de-la-vanille\\\/#primaryimage\",\"url\":\"https:\\\/\\\/escale-bleue.fr\\\/wp-content\\\/uploads\\\/2014\\\/07\\\/xenius-featured2.jpg\",\"contentUrl\":\"https:\\\/\\\/escale-bleue.fr\\\/wp-content\\\/uploads\\\/2014\\\/07\\\/xenius-featured2.jpg\",\"width\":373,\"height\":222},{\"@type\":\"BreadcrumbList\",\"@id\":\"https:\\\/\\\/escale-bleue.fr\\\/en\\\/2014\\\/07\\\/05\\\/vertus-des-epices-et-de-la-vanille\\\/#breadcrumb\",\"itemListElement\":[{\"@type\":\"ListItem\",\"position\":1,\"name\":\"Accueil\",\"item\":\"https:\\\/\\\/escale-bleue.fr\\\/en\\\/\"},{\"@type\":\"ListItem\",\"position\":2,\"name\":\"Arte &#8211; X:enius : Les vertus des \u00e9pices et de la vanille\"}]},{\"@type\":\"WebSite\",\"@id\":\"https:\\\/\\\/escale-bleue.fr\\\/en\\\/#website\",\"url\":\"https:\\\/\\\/escale-bleue.fr\\\/en\\\/\",\"name\":\"Escale Bleue - Atelier Vanille \u00e0 la R\u00e9union\",\"description\":\"\",\"publisher\":{\"@id\":\"https:\\\/\\\/escale-bleue.fr\\\/en\\\/#organization\"},\"potentialAction\":[{\"@type\":\"SearchAction\",\"target\":{\"@type\":\"EntryPoint\",\"urlTemplate\":\"https:\\\/\\\/escale-bleue.fr\\\/en\\\/?s={search_term_string}\"},\"query-input\":{\"@type\":\"PropertyValueSpecification\",\"valueRequired\":true,\"valueName\":\"search_term_string\"}}],\"inLanguage\":\"en-US\"},{\"@type\":\"Organization\",\"@id\":\"https:\\\/\\\/escale-bleue.fr\\\/en\\\/#organization\",\"name\":\"Escale Bleue - Atelier Vanille R\u00e9union\",\"url\":\"https:\\\/\\\/escale-bleue.fr\\\/en\\\/\",\"logo\":{\"@type\":\"ImageObject\",\"inLanguage\":\"en-US\",\"@id\":\"https:\\\/\\\/escale-bleue.fr\\\/en\\\/#\\\/schema\\\/logo\\\/image\\\/\",\"url\":\"https:\\\/\\\/escale-bleue.fr\\\/wp-content\\\/uploads\\\/2026\\\/02\\\/logo_escale_bleue_b9afa1.png\",\"contentUrl\":\"https:\\\/\\\/escale-bleue.fr\\\/wp-content\\\/uploads\\\/2026\\\/02\\\/logo_escale_bleue_b9afa1.png\",\"width\":400,\"height\":218,\"caption\":\"Escale Bleue - Atelier Vanille R\u00e9union\"},\"image\":{\"@id\":\"https:\\\/\\\/escale-bleue.fr\\\/en\\\/#\\\/schema\\\/logo\\\/image\\\/\"},\"sameAs\":[\"https:\\\/\\\/www.facebook.com\\\/Escalebleue\",\"https:\\\/\\\/x.com\\\/EscaleBleue\",\"https:\\\/\\\/www.instagram.com\\\/escalebleue\\\/\"]},{\"@type\":\"Person\",\"@id\":\"https:\\\/\\\/escale-bleue.fr\\\/en\\\/#\\\/schema\\\/person\\\/1f70b901d3638943e7b936ac6ddf7ace\",\"name\":\"Nicole Leichnig\",\"image\":{\"@type\":\"ImageObject\",\"inLanguage\":\"en-US\",\"@id\":\"https:\\\/\\\/secure.gravatar.com\\\/avatar\\\/15a0db87cde0573ac8ec5d40671a1ec96c5218edceb4dc06eed820d664a8d63e?s=96&d=mm&r=g\",\"url\":\"https:\\\/\\\/secure.gravatar.com\\\/avatar\\\/15a0db87cde0573ac8ec5d40671a1ec96c5218edceb4dc06eed820d664a8d63e?s=96&d=mm&r=g\",\"contentUrl\":\"https:\\\/\\\/secure.gravatar.com\\\/avatar\\\/15a0db87cde0573ac8ec5d40671a1ec96c5218edceb4dc06eed820d664a8d63e?s=96&d=mm&r=g\",\"caption\":\"Nicole Leichnig\"},\"description\":\"Nicole Leichnig est co-fondatrice d'Escale Bleue et cr\u00e9atrice de la Vanille Bleue, la premi\u00e8re gousse de vanille brevet\u00e9e au monde. Depuis 1986, elle produit et affine la vanille \u00e0 Saint-Philippe, La R\u00e9union. Son proc\u00e9d\u00e9 d'affinage exclusif rend la gousse 100% comestible et d'une qualit\u00e9 aromatique rare \u2014 une innovation r\u00e9compens\u00e9e par le Diamond Taste Award 2024, la plus haute distinction de l'International Taste Institute, apr\u00e8s une d\u00e9cennie de notes maximales d\u00e9cern\u00e9es par 120 chefs \u00e9toil\u00e9s. Disciple d'Escoffier (2014) et Toque Fran\u00e7aise (2020), Nicole transmet son savoir-faire \u00e0 travers des visites guid\u00e9es et l'accueil de chercheurs sur la biodiversit\u00e9 du Sud Sauvage.\",\"sameAs\":[\"https:\\\/\\\/escale-bleue.fr\",\"https:\\\/\\\/www.facebook.com\\\/Escalebleue\",\"https:\\\/\\\/www.instagram.com\\\/escalebleue\\\/\"],\"gender\":\"femme\",\"knowsAbout\":[\"Affinage de vanille\",\"Vanille Bleue\",\"Vanille de La R\u00e9union\",\"Gastronomie\"],\"knowsLanguage\":[\"Fran\u00e7ais\",\"Anglais\"],\"jobTitle\":\"Co-fondatrice et affineuse de vanille\",\"worksFor\":\"Escale Bleue\",\"url\":\"https:\\\/\\\/escale-bleue.fr\\\/en\\\/author\\\/nicole-leichnig\\\/\"}]}<\/script>\n<!-- \/ Yoast SEO Premium plugin. -->","yoast_head_json":{"title":"Arte - X:enius : Les vertus des \u00e9pices et de la vanille &#8211; Escale Bleue - Atelier Vanille","robots":{"index":"index","follow":"follow","max-snippet":"max-snippet:-1","max-image-preview":"max-image-preview:large","max-video-preview":"max-video-preview:-1"},"canonical":"https:\/\/escale-bleue.fr\/en\/2014\/07\/05\/vertus-des-epices-et-de-la-vanille\/","og_locale":"en_US","og_type":"article","og_title":"Arte - X:enius : Les vertus des \u00e9pices et de la vanille","og_description":"Depuis des si\u00e8cles, les \u00e9pices se n\u00e9gocient \u00e0 prix d'or. Mais leur valeur n'est pas seulement li\u00e9e \u00e0 l'effet qu'elles produisent sur les papilles gustatives... Escale Bleue s'est lanc\u00e9e, avec l\u2019\u00e9quipe de la cha\u00eene Arte pour l'\u00e9mission scientifique X:enius, \u00e0 la d\u00e9couverte des vertus des \u00e9pices et de la vanille.","og_url":"https:\/\/escale-bleue.fr\/en\/2014\/07\/05\/vertus-des-epices-et-de-la-vanille\/","og_site_name":"Escale Bleue - Atelier Vanille","article_publisher":"https:\/\/www.facebook.com\/Escalebleue","article_author":"https:\/\/www.facebook.com\/Escalebleue","article_published_time":"2014-07-05T01:35:51+00:00","article_modified_time":"2026-03-24T16:48:05+00:00","og_image":[{"url":"http:\/\/escale-bleue.fr\/wp-content\/uploads\/2016\/05\/Vanille-Bleue-affinage.jpg","type":"","width":"","height":""}],"author":"Nicole Leichnig","twitter_card":"summary_large_image","twitter_creator":"@EscaleBleue","twitter_site":"@EscaleBleue","twitter_misc":{"Written by":"Nicole Leichnig","Est. reading time":"8 minutes"},"schema":{"@context":"https:\/\/schema.org","@graph":[{"@type":"Article","@id":"https:\/\/escale-bleue.fr\/en\/2014\/07\/05\/vertus-des-epices-et-de-la-vanille\/#article","isPartOf":{"@id":"https:\/\/escale-bleue.fr\/en\/2014\/07\/05\/vertus-des-epices-et-de-la-vanille\/"},"author":{"name":"Nicole Leichnig","@id":"https:\/\/escale-bleue.fr\/en\/#\/schema\/person\/1f70b901d3638943e7b936ac6ddf7ace"},"headline":"Arte &#8211; X:enius : Les vertus des \u00e9pices et de la vanille","datePublished":"2014-07-05T01:35:51+00:00","dateModified":"2026-03-24T16:48:05+00:00","mainEntityOfPage":{"@id":"https:\/\/escale-bleue.fr\/en\/2014\/07\/05\/vertus-des-epices-et-de-la-vanille\/"},"wordCount":1543,"commentCount":0,"publisher":{"@id":"https:\/\/escale-bleue.fr\/en\/#organization"},"image":{"@id":"https:\/\/escale-bleue.fr\/en\/2014\/07\/05\/vertus-des-epices-et-de-la-vanille\/#primaryimage"},"thumbnailUrl":"https:\/\/escale-bleue.fr\/wp-content\/uploads\/2014\/07\/xenius-featured2.jpg","articleSection":["Articles"],"inLanguage":"en-US","potentialAction":[{"@type":"CommentAction","name":"Comment","target":["https:\/\/escale-bleue.fr\/en\/2014\/07\/05\/vertus-des-epices-et-de-la-vanille\/#respond"]}]},{"@type":"WebPage","@id":"https:\/\/escale-bleue.fr\/en\/2014\/07\/05\/vertus-des-epices-et-de-la-vanille\/","url":"https:\/\/escale-bleue.fr\/en\/2014\/07\/05\/vertus-des-epices-et-de-la-vanille\/","name":"Arte - X:enius : Les vertus des \u00e9pices et de la vanille &#8211; Escale Bleue - Atelier Vanille","isPartOf":{"@id":"https:\/\/escale-bleue.fr\/en\/#website"},"primaryImageOfPage":{"@id":"https:\/\/escale-bleue.fr\/en\/2014\/07\/05\/vertus-des-epices-et-de-la-vanille\/#primaryimage"},"image":{"@id":"https:\/\/escale-bleue.fr\/en\/2014\/07\/05\/vertus-des-epices-et-de-la-vanille\/#primaryimage"},"thumbnailUrl":"https:\/\/escale-bleue.fr\/wp-content\/uploads\/2014\/07\/xenius-featured2.jpg","datePublished":"2014-07-05T01:35:51+00:00","dateModified":"2026-03-24T16:48:05+00:00","breadcrumb":{"@id":"https:\/\/escale-bleue.fr\/en\/2014\/07\/05\/vertus-des-epices-et-de-la-vanille\/#breadcrumb"},"inLanguage":"en-US","potentialAction":[{"@type":"ReadAction","target":["https:\/\/escale-bleue.fr\/en\/2014\/07\/05\/vertus-des-epices-et-de-la-vanille\/"]}]},{"@type":"ImageObject","inLanguage":"en-US","@id":"https:\/\/escale-bleue.fr\/en\/2014\/07\/05\/vertus-des-epices-et-de-la-vanille\/#primaryimage","url":"https:\/\/escale-bleue.fr\/wp-content\/uploads\/2014\/07\/xenius-featured2.jpg","contentUrl":"https:\/\/escale-bleue.fr\/wp-content\/uploads\/2014\/07\/xenius-featured2.jpg","width":373,"height":222},{"@type":"BreadcrumbList","@id":"https:\/\/escale-bleue.fr\/en\/2014\/07\/05\/vertus-des-epices-et-de-la-vanille\/#breadcrumb","itemListElement":[{"@type":"ListItem","position":1,"name":"Accueil","item":"https:\/\/escale-bleue.fr\/en\/"},{"@type":"ListItem","position":2,"name":"Arte &#8211; X:enius : Les vertus des \u00e9pices et de la vanille"}]},{"@type":"WebSite","@id":"https:\/\/escale-bleue.fr\/en\/#website","url":"https:\/\/escale-bleue.fr\/en\/","name":"Escale Bleue - Atelier Vanille \u00e0 la R\u00e9union","description":"","publisher":{"@id":"https:\/\/escale-bleue.fr\/en\/#organization"},"potentialAction":[{"@type":"SearchAction","target":{"@type":"EntryPoint","urlTemplate":"https:\/\/escale-bleue.fr\/en\/?s={search_term_string}"},"query-input":{"@type":"PropertyValueSpecification","valueRequired":true,"valueName":"search_term_string"}}],"inLanguage":"en-US"},{"@type":"Organization","@id":"https:\/\/escale-bleue.fr\/en\/#organization","name":"Escale Bleue - Atelier Vanille R\u00e9union","url":"https:\/\/escale-bleue.fr\/en\/","logo":{"@type":"ImageObject","inLanguage":"en-US","@id":"https:\/\/escale-bleue.fr\/en\/#\/schema\/logo\/image\/","url":"https:\/\/escale-bleue.fr\/wp-content\/uploads\/2026\/02\/logo_escale_bleue_b9afa1.png","contentUrl":"https:\/\/escale-bleue.fr\/wp-content\/uploads\/2026\/02\/logo_escale_bleue_b9afa1.png","width":400,"height":218,"caption":"Escale Bleue - Atelier Vanille R\u00e9union"},"image":{"@id":"https:\/\/escale-bleue.fr\/en\/#\/schema\/logo\/image\/"},"sameAs":["https:\/\/www.facebook.com\/Escalebleue","https:\/\/x.com\/EscaleBleue","https:\/\/www.instagram.com\/escalebleue\/"]},{"@type":"Person","@id":"https:\/\/escale-bleue.fr\/en\/#\/schema\/person\/1f70b901d3638943e7b936ac6ddf7ace","name":"Nicole Leichnig","image":{"@type":"ImageObject","inLanguage":"en-US","@id":"https:\/\/secure.gravatar.com\/avatar\/15a0db87cde0573ac8ec5d40671a1ec96c5218edceb4dc06eed820d664a8d63e?s=96&d=mm&r=g","url":"https:\/\/secure.gravatar.com\/avatar\/15a0db87cde0573ac8ec5d40671a1ec96c5218edceb4dc06eed820d664a8d63e?s=96&d=mm&r=g","contentUrl":"https:\/\/secure.gravatar.com\/avatar\/15a0db87cde0573ac8ec5d40671a1ec96c5218edceb4dc06eed820d664a8d63e?s=96&d=mm&r=g","caption":"Nicole Leichnig"},"description":"Nicole Leichnig est co-fondatrice d'Escale Bleue et cr\u00e9atrice de la Vanille Bleue, la premi\u00e8re gousse de vanille brevet\u00e9e au monde. Depuis 1986, elle produit et affine la vanille \u00e0 Saint-Philippe, La R\u00e9union. Son proc\u00e9d\u00e9 d'affinage exclusif rend la gousse 100% comestible et d'une qualit\u00e9 aromatique rare \u2014 une innovation r\u00e9compens\u00e9e par le Diamond Taste Award 2024, la plus haute distinction de l'International Taste Institute, apr\u00e8s une d\u00e9cennie de notes maximales d\u00e9cern\u00e9es par 120 chefs \u00e9toil\u00e9s. Disciple d'Escoffier (2014) et Toque Fran\u00e7aise (2020), Nicole transmet son savoir-faire \u00e0 travers des visites guid\u00e9es et l'accueil de chercheurs sur la biodiversit\u00e9 du Sud Sauvage.","sameAs":["https:\/\/escale-bleue.fr","https:\/\/www.facebook.com\/Escalebleue","https:\/\/www.instagram.com\/escalebleue\/"],"gender":"femme","knowsAbout":["Affinage de vanille","Vanille Bleue","Vanille de La R\u00e9union","Gastronomie"],"knowsLanguage":["Fran\u00e7ais","Anglais"],"jobTitle":"Co-fondatrice et affineuse de vanille","worksFor":"Escale Bleue","url":"https:\/\/escale-bleue.fr\/en\/author\/nicole-leichnig\/"}]}},"_links":{"self":[{"href":"https:\/\/escale-bleue.fr\/en\/wp-json\/wp\/v2\/posts\/3193","targetHints":{"allow":["GET"]}}],"collection":[{"href":"https:\/\/escale-bleue.fr\/en\/wp-json\/wp\/v2\/posts"}],"about":[{"href":"https:\/\/escale-bleue.fr\/en\/wp-json\/wp\/v2\/types\/post"}],"author":[{"embeddable":true,"href":"https:\/\/escale-bleue.fr\/en\/wp-json\/wp\/v2\/users\/10"}],"replies":[{"embeddable":true,"href":"https:\/\/escale-bleue.fr\/en\/wp-json\/wp\/v2\/comments?post=3193"}],"version-history":[{"count":2,"href":"https:\/\/escale-bleue.fr\/en\/wp-json\/wp\/v2\/posts\/3193\/revisions"}],"predecessor-version":[{"id":24891,"href":"https:\/\/escale-bleue.fr\/en\/wp-json\/wp\/v2\/posts\/3193\/revisions\/24891"}],"wp:featuredmedia":[{"embeddable":true,"href":"https:\/\/escale-bleue.fr\/en\/wp-json\/wp\/v2\/media\/24893"}],"wp:attachment":[{"href":"https:\/\/escale-bleue.fr\/en\/wp-json\/wp\/v2\/media?parent=3193"}],"wp:term":[{"taxonomy":"category","embeddable":true,"href":"https:\/\/escale-bleue.fr\/en\/wp-json\/wp\/v2\/categories?post=3193"},{"taxonomy":"post_tag","embeddable":true,"href":"https:\/\/escale-bleue.fr\/en\/wp-json\/wp\/v2\/tags?post=3193"}],"curies":[{"name":"wp","href":"https:\/\/api.w.org\/{rel}","templated":true}]}}