{"id":3360,"date":"2014-06-07T04:45:34","date_gmt":"2014-06-07T02:45:34","guid":{"rendered":"http:\/\/escale-bleue.fr\/2014\/06\/07\/la-plus-belle-region-de-france-la-reunion-2\/"},"modified":"2026-03-24T18:55:55","modified_gmt":"2026-03-24T16:55:55","slug":"la-plus-belle-region-de-france-la-reunion","status":"publish","type":"post","link":"https:\/\/escale-bleue.fr\/en\/2014\/06\/07\/la-plus-belle-region-de-france-la-reunion\/","title":{"rendered":"M6 La Plus Belle R\u00e9gion de France : La R\u00e9union"},"content":{"rendered":"<div class=\"fusion-fullwidth fullwidth-box fusion-builder-row-1 hundred-percent-fullwidth non-hundred-percent-height-scrolling\" style=\"--awb-border-radius-top-left:0px;--awb-border-radius-top-right:0px;--awb-border-radius-bottom-right:0px;--awb-border-radius-bottom-left:0px;--awb-padding-top:0px;--awb-padding-right:0px;--awb-padding-bottom:0px;--awb-padding-left:0px;--awb-flex-wrap:wrap;\" ><div class=\"fusion-builder-row fusion-row\"><div class=\"fusion-layout-column fusion_builder_column fusion-builder-column-0 fusion_builder_column_1_1 1_1 fusion-one-full fusion-column-first fusion-column-last\" style=\"--awb-bg-size:cover;--awb-margin-top:0px;--awb-margin-bottom:0px;\"><div class=\"fusion-column-wrapper fusion-flex-column-wrapper-legacy\"><link rel=\"stylesheet\" href=\"https:\/\/escale-bleue.fr\/wp-content\/uploads\/recipe-style.css?v=6\">\n<link rel=\"stylesheet\" href=\"https:\/\/cdnjs.cloudflare.com\/ajax\/libs\/font-awesome\/6.5.1\/css\/all.min.css\"><div class=\"fusion-clearfix\"><\/div><\/div><\/div><\/div><\/div>\n<div class=\"fusion-fullwidth fullwidth-box fusion-builder-row-2 hundred-percent-fullwidth non-hundred-percent-height-scrolling\" style=\"--awb-border-radius-top-left:0px;--awb-border-radius-top-right:0px;--awb-border-radius-bottom-right:0px;--awb-border-radius-bottom-left:0px;--awb-padding-top:0px;--awb-padding-right:0px;--awb-padding-bottom:0px;--awb-padding-left:0px;--awb-flex-wrap:wrap;\" ><div class=\"fusion-builder-row fusion-row\"><div class=\"fusion-layout-column fusion_builder_column fusion-builder-column-1 fusion_builder_column_1_1 1_1 fusion-one-full fusion-column-first fusion-column-last\" style=\"--awb-bg-size:cover;--awb-margin-top:0px;--awb-margin-bottom:0px;\"><div class=\"fusion-column-wrapper fusion-flex-column-wrapper-legacy\"><div class=\"fusion-text fusion-text-1\"><div class=\"recipe-header\">\n<div class=\"recipe-header-content\">\n<div class=\"recipe-category animate animate-delay-1\">M\u00e9dia<\/div>\n<h1 class=\"recipe-title animate animate-delay-2\">La Plus Belle R\u00e9gion de France<br \/>La R\u00e9union sur M6<\/h1>\n<p class=\"recipe-subtitle animate animate-delay-3\">Jeudi 5 juin 2014 \u2014 \u00c9mission M6 \u2014 Saveurs du terroir<\/p>\n<div class=\"social-icons animate animate-delay-4\"><a href=\"https:\/\/www.facebook.com\/Escalebleue\" target=\"_blank\" class=\"social-icon\" title=\"Facebook\"><i class=\"fab fa-facebook-f\"><\/i><\/a><a href=\"https:\/\/www.instagram.com\/escalebleue\/\" target=\"_blank\" class=\"social-icon\" title=\"Instagram\"><i class=\"fab fa-instagram\"><\/i><\/a><\/div>\n<\/p>\n<\/div>\n<\/div>\n<\/div><div class=\"fusion-clearfix\"><\/div><\/div><\/div><\/div><\/div>\n<div class=\"fusion-fullwidth fullwidth-box fusion-builder-row-3 hundred-percent-fullwidth non-hundred-percent-height-scrolling\" style=\"--awb-border-radius-top-left:0px;--awb-border-radius-top-right:0px;--awb-border-radius-bottom-right:0px;--awb-border-radius-bottom-left:0px;--awb-padding-top:0px;--awb-padding-right:0px;--awb-padding-bottom:0px;--awb-padding-left:0px;--awb-flex-wrap:wrap;\" ><div class=\"fusion-builder-row fusion-row\"><div class=\"fusion-layout-column fusion_builder_column fusion-builder-column-2 fusion_builder_column_1_1 1_1 fusion-one-full fusion-column-first fusion-column-last\" style=\"--awb-bg-size:cover;--awb-margin-top:0px;--awb-margin-bottom:0px;\"><div class=\"fusion-column-wrapper fusion-flex-column-wrapper-legacy\"><div class=\"fusion-text fusion-text-2\"><div class=\"recipe-intro reveal\">\n<div class=\"recipe-intro-text\">\n<p>Le jeudi 5 juin 2014 \u00e0 20h50 a eu lieu sur la cha\u00eene M6 \u00ab <strong>La Plus Belle R\u00e9gion de France : la R\u00e9union<\/strong> \u00bb. Cette \u00e9mission a pour but de faire d\u00e9couvrir les diff\u00e9rentes richesses des 24 r\u00e9gions de France \u00e0 travers trois grands th\u00e8mes : les merveilles du patrimoine, la beaut\u00e9 des paysages et les saveurs des produits du terroir. <strong>Escale Bleue<\/strong> a eu le plaisir \u00e0 cette occasion d&#8217;\u00eatre en charge de la partie \u00ab Saveur \u00bb en faisant d\u00e9couvrir aux t\u00e9l\u00e9spectateurs l&#8217;une des \u00e9pices les plus douces et les plus appr\u00e9ci\u00e9es du monde : la <strong>vanille<\/strong>. Mais pas n&#8217;importe laquelle ! Retour sur l&#8217;\u00e9mission et sur ce qui a \u00e9t\u00e9 dit de la <strong>Vanille Bleue<\/strong> de La R\u00e9union.<\/p>\n<\/p>\n<\/div>\n<div class=\"recipe-intro-image\">\n        <img decoding=\"async\" src=\"http:\/\/escale-bleue.fr\/wp-content\/uploads\/2014\/06\/aime-leichnig-descale-bleue.jpg\" alt=\"Aim\u00e9 Leichnig \u2014 Escale Bleue \u2014 La Plus Belle R\u00e9gion de France M6\">\n    <\/div>\n<\/div>\n<\/div><div class=\"fusion-clearfix\"><\/div><\/div><\/div><\/div><\/div>\n<p><!-- \u2550\u2550\u2550\u2550\u2550\u2550\u2550 SECTION 01 : Focus vanille \u2550\u2550\u2550\u2550\u2550\u2550\u2550 --><\/p>\n<div class=\"fusion-fullwidth fullwidth-box fusion-builder-row-4 hundred-percent-fullwidth non-hundred-percent-height-scrolling\" style=\"--awb-border-radius-top-left:0px;--awb-border-radius-top-right:0px;--awb-border-radius-bottom-right:0px;--awb-border-radius-bottom-left:0px;--awb-padding-top:0px;--awb-padding-right:0px;--awb-padding-bottom:0px;--awb-padding-left:0px;--awb-flex-wrap:wrap;\" ><div class=\"fusion-builder-row fusion-row\"><div class=\"fusion-layout-column fusion_builder_column fusion-builder-column-3 fusion_builder_column_1_1 1_1 fusion-one-full fusion-column-first fusion-column-last\" style=\"--awb-bg-size:cover;--awb-margin-top:0px;--awb-margin-bottom:0px;\"><div class=\"fusion-column-wrapper fusion-flex-column-wrapper-legacy\"><div class=\"fusion-text fusion-text-3\"><div class=\"recipe-section reveal\">\n<div class=\"section-header\">\n<div class=\"section-number\">01<\/div>\n<h2 class=\"section-title\">La Plus Belle R\u00e9gion de France : focus vanille<\/h2>\n<div class=\"section-divider\"><\/div>\n<\/p>\n<\/div>\n<div class=\"recipe-columns\">\n<div class=\"method-content\" style=\"flex:1;\">\n<p>Les juges ont d&#8217;abord eu rendez-vous avec notre guide, <strong>Aim\u00e9 Leichnig<\/strong>, l&#8217;un des plus anciens pr\u00e9parateurs de vanille de La R\u00e9union. Ils ont ainsi d\u00e9couvert que cette \u00e9pice est issue d&#8217;une orchid\u00e9e qui pousse sur le tronc des palmiers.<\/p>\n<p>En effet, le vanillier est une liane grimpante h\u00e9mi\u00e9piphyte qui a besoin d&#8217;un tuteur pour se d\u00e9velopper, mais non parasite car ne n\u00e9cessitant pas de nourriture issue de son h\u00f4te. Il faut beaucoup d&#8217;humidit\u00e9 pour que ces arbres poussent et que la vanille trouve son environnement naturel.<\/p>\n<p>Le <strong>vanillier<\/strong> est une plante hermaphrodite, mais qui n\u00e9cessite une intervention ext\u00e9rieure pour permettre un contact physique entre le sexe m\u00e2le et femelle de la plante qui sont s\u00e9par\u00e9s par une fine membrane naturelle. Cette intervention manuelle est appel\u00e9e po\u00e9tiquement le \u00ab <strong><a href=\"https:\/\/escale-bleue.fr\/2010\/12\/20\/feconder-fleur-de-vanille\/\" target=\"_blank\">Mariage de la Vanille<\/a><\/strong> \u00bb et va permettre \u00e0 la fleur de donner naissance \u00e0 la gousse qui sera r\u00e9colt\u00e9e \u00e0 maturation 9 mois plus tard.<\/p>\n<p>La r\u00e9colte termin\u00e9e, les gousses encore vertes passent par notre <strong><a href=\"https:\/\/escale-bleue.fr\/2011\/01\/06\/escale-bleue-atelier-photo\/\" target=\"_blank\">atelier<\/a><\/strong>. Une fois tri\u00e9es, elles resteront encore 11 mois au s\u00e9chage le temps de d\u00e9velopper la totalit\u00e9 de leur ar\u00f4me.<\/p>\n<p>Pour l&#8217;occasion, nous avons donc d\u00e9cid\u00e9 de proposer aux juges ce que nous faisons de mieux en mati\u00e8re de vanille et de go\u00fbter lors d&#8217;un repas non pas la vanille classique, mais la <strong><a href=\"https:\/\/escale-bleue.fr\/en\/quest-ce-que-la-vanille-bleue\/\" target=\"_blank\">Vanille Bleue<\/a><\/strong> !<\/p>\n<div class=\"gallery-grid\" style=\"margin:20px 0;\">\n                <img decoding=\"async\" src=\"http:\/\/escale-bleue.fr\/wp-content\/uploads\/2014\/06\/Graines-de-vanille.jpg\" alt=\"Graines de Vanille Bleue \u2014 Escale Bleue La R\u00e9union\"><br \/>\n                <img decoding=\"async\" src=\"http:\/\/escale-bleue.fr\/wp-content\/uploads\/2014\/06\/Christian-Etchebest.jpg\" alt=\"Christian Etchebest d\u00e9couvre la Vanille Bleue \u2014 M6\">\n            <\/div>\n<\/p>\n<\/div>\n<\/div>\n<\/div>\n<\/div><div class=\"fusion-clearfix\"><\/div><\/div><\/div><\/div><\/div>\n<p><!-- \u2550\u2550\u2550\u2550\u2550\u2550\u2550 SECTION 02 : Citation Etchebest \u2550\u2550\u2550\u2550\u2550\u2550\u2550 --><\/p>\n<div class=\"fusion-fullwidth fullwidth-box fusion-builder-row-5 hundred-percent-fullwidth non-hundred-percent-height-scrolling\" style=\"--awb-border-radius-top-left:0px;--awb-border-radius-top-right:0px;--awb-border-radius-bottom-right:0px;--awb-border-radius-bottom-left:0px;--awb-padding-top:0px;--awb-padding-right:0px;--awb-padding-bottom:0px;--awb-padding-left:0px;--awb-flex-wrap:wrap;\" ><div class=\"fusion-builder-row fusion-row\"><div class=\"fusion-layout-column fusion_builder_column fusion-builder-column-4 fusion_builder_column_1_1 1_1 fusion-one-full fusion-column-first fusion-column-last\" style=\"--awb-bg-size:cover;--awb-margin-top:0px;--awb-margin-bottom:0px;\"><div class=\"fusion-column-wrapper fusion-flex-column-wrapper-legacy\"><div class=\"fusion-text fusion-text-4\"><div class=\"recipe-section reveal\">\n<div class=\"section-header\">\n<div class=\"section-number\">02<\/div>\n<h2 class=\"section-title\">Le verdict de Christian Etchebest<\/h2>\n<div class=\"section-divider\"><\/div>\n<\/p>\n<\/div>\n<div class=\"recipe-columns\">\n<div class=\"method-content\" style=\"flex:1;\">\n<div class=\"method-tip\" style=\"font-style:italic;\">\n                <i class=\"fas fa-quote-left\"><\/i> \u00ab De belles gousses de vanille bien pleines, bien dodues, bien grasses, on a envie de mordre dedans et Aim\u00e9 t&#8217;explique que cette gousse de vanille, ils en font de petites tranches, ils arrivent \u00e0 les servir pratiquement crues sur des poissons, sur des desserts. Regardez-moi comment elle est belle, c&#8217;est gras, c&#8217;est bon. Celle-l\u00e0, c&#8217;est le top de la vanille. \u00bb \u2014 <strong>Christian Etchebest<\/strong>\n            <\/div>\n<div style=\"text-align:center;margin:25px 0;\">\n                <img decoding=\"async\" src=\"http:\/\/escale-bleue.fr\/wp-content\/uploads\/2014\/06\/Aime-Leichnig-Christian-Etchebest-la-plus-belle-r\u00e9gion-de-France-M6.jpg\" alt=\"Aim\u00e9 Leichnig et Christian Etchebest \u2014 La Plus Belle R\u00e9gion de France M6\" style=\"display:inline-block;max-width:70%;border-radius:8px;\">\n            <\/div>\n<p style=\"text-align:center;\">Merci \u00e0 toute l&#8217;\u00e9quipe de M6 pour ce court mais beau reportage sur l&#8217;\u00eele de La R\u00e9union, ses paysages et ses saveurs !<\/p>\n<p style=\"text-align:center;\">Pour voir l&#8217;extrait vid\u00e9o sur la vanille : <a href=\"https:\/\/www.youtube.com\/watch?v=TV3Knq7eDjQ\" target=\"_blank\"><strong>cliquez ici<\/strong><\/a>.<\/p>\n<\/p>\n<\/div>\n<\/div>\n<\/div>\n<\/div><div class=\"fusion-clearfix\"><\/div><\/div><\/div><\/div><\/div>\n<p><!-- \u2550\u2550\u2550\u2550\u2550\u2550\u2550 CTA \u2550\u2550\u2550\u2550\u2550\u2550\u2550 --><\/p>\n<div class=\"fusion-fullwidth fullwidth-box fusion-builder-row-6 hundred-percent-fullwidth non-hundred-percent-height-scrolling\" style=\"--awb-border-radius-top-left:0px;--awb-border-radius-top-right:0px;--awb-border-radius-bottom-right:0px;--awb-border-radius-bottom-left:0px;--awb-padding-top:0px;--awb-padding-right:0px;--awb-padding-bottom:0px;--awb-padding-left:0px;--awb-flex-wrap:wrap;\" ><div class=\"fusion-builder-row fusion-row\"><div class=\"fusion-layout-column fusion_builder_column fusion-builder-column-5 fusion_builder_column_1_1 1_1 fusion-one-full fusion-column-first fusion-column-last\" style=\"--awb-bg-size:cover;--awb-margin-top:0px;--awb-margin-bottom:0px;\"><div class=\"fusion-column-wrapper fusion-flex-column-wrapper-legacy\"><div class=\"fusion-text fusion-text-5\"><div class=\"recipe-cta reveal\">\n<div class=\"recipe-cta-content\">\n<h3 class=\"cta-title\">Go\u00fbtez au \u00ab top de la vanille \u00bb<\/h3>\n<p class=\"cta-subtitle\">D\u00e9couvrez la Vanille Bleue pl\u00e9biscit\u00e9e par Christian Etchebest<\/p>\n<div class=\"cta-buttons\">\n            <a href=\"https:\/\/shop.escale-bleue.fr\" class=\"btn btn-primary\" style=\"color:#fff !important;\">Commander<\/a><br \/>\n            <a href=\"https:\/\/escale-bleue.fr\/en\/quest-ce-que-la-vanille-bleue\/\" class=\"btn btn-secondary\">D\u00e9couvrir la Vanille Bleue<\/a>\n        <\/div>\n<\/p>\n<\/div>\n<\/div>\n<\/div><div class=\"fusion-clearfix\"><\/div><\/div><\/div><\/div><\/div>\n<div class=\"fusion-fullwidth fullwidth-box fusion-builder-row-7 hundred-percent-fullwidth non-hundred-percent-height-scrolling\" style=\"--awb-border-radius-top-left:0px;--awb-border-radius-top-right:0px;--awb-border-radius-bottom-right:0px;--awb-border-radius-bottom-left:0px;--awb-padding-top:0px;--awb-padding-right:0px;--awb-padding-bottom:0px;--awb-padding-left:0px;--awb-flex-wrap:wrap;\" ><div class=\"fusion-builder-row fusion-row\"><div class=\"fusion-layout-column fusion_builder_column fusion-builder-column-6 fusion_builder_column_1_1 1_1 fusion-one-full fusion-column-first fusion-column-last\" style=\"--awb-bg-size:cover;--awb-margin-top:0px;--awb-margin-bottom:0px;\"><div class=\"fusion-column-wrapper fusion-flex-column-wrapper-legacy\"><script>\nconst reveals = document.querySelectorAll('.reveal');\nconst observer = new IntersectionObserver((entries) => {\n    entries.forEach(entry => {\n        if (entry.isIntersecting) {\n            entry.target.classList.add('visible');\n        }\n    });\n}, { threshold: 0.15 });\nreveals.forEach(el => observer.observe(el));\n<\/script><div class=\"fusion-clearfix\"><\/div><\/div><\/div><\/div><\/div>\n","protected":false},"excerpt":{"rendered":"<p>Le 5 juin 2014 a eu lieu l\u2019\u00e9pisode de \u201cLa Plus Belle R\u00e9gion de France\u201d sur la R\u00e9union sur M6. Escale Bleue a eu le plaisir de faire d\u00e9couvrir aux t\u00e9l\u00e9spectateurs l\u2019une des \u00e9pices les plus douces et les plus appr\u00e9ci\u00e9es du monde : la vanille. Mais pas n\u2019importe laquelle ! Retour sur l\u2019\u00e9mission et sur ce qui a \u00e9t\u00e9 dit de la Vanille Bleue.<\/p>\n","protected":false},"author":10,"featured_media":24904,"comment_status":"open","ping_status":"open","sticky":false,"template":"","format":"standard","meta":{"footnotes":""},"categories":[153],"tags":[166,167,168,169,170,171,172,173,174],"class_list":["post-3360","post","type-post","status-publish","format-standard","has-post-thumbnail","hentry","category-articles","tag-aime-leichnig","tag-bleue","tag-christian-etchebest","tag-escale","tag-m6","tag-plus-belle-region-de-france","tag-reunion","tag-saint-philippe","tag-vanille"],"yoast_head":"<!-- This site is optimized with the Yoast SEO Premium plugin v27.4 (Yoast SEO v27.4) - https:\/\/yoast.com\/product\/yoast-seo-premium-wordpress\/ -->\n<title>M6 La Plus Belle R\u00e9gion de France : La R\u00e9union &#8211; Escale Bleue - Atelier Vanille<\/title>\n<meta name=\"robots\" content=\"index, follow, max-snippet:-1, max-image-preview:large, max-video-preview:-1\" \/>\n<link rel=\"canonical\" href=\"https:\/\/escale-bleue.fr\/en\/2014\/06\/07\/la-plus-belle-region-de-france-la-reunion\/\" \/>\n<meta property=\"og:locale\" content=\"en_US\" \/>\n<meta property=\"og:type\" content=\"article\" \/>\n<meta property=\"og:title\" content=\"M6 La Plus Belle R\u00e9gion de France : La R\u00e9union\" \/>\n<meta property=\"og:description\" content=\"Le 5 juin 2014 a eu lieu l\u2019\u00e9pisode de \u201cLa Plus Belle R\u00e9gion de France\u201d sur la R\u00e9union sur M6. Escale Bleue a eu le plaisir de faire d\u00e9couvrir aux t\u00e9l\u00e9spectateurs l\u2019une des \u00e9pices les plus douces et les plus appr\u00e9ci\u00e9es du monde : la vanille. Mais pas n\u2019importe laquelle ! Retour sur l\u2019\u00e9mission et sur ce qui a \u00e9t\u00e9 dit de la Vanille Bleue.\" \/>\n<meta property=\"og:url\" content=\"https:\/\/escale-bleue.fr\/en\/2014\/06\/07\/la-plus-belle-region-de-france-la-reunion\/\" \/>\n<meta property=\"og:site_name\" content=\"Escale Bleue - Atelier Vanille\" \/>\n<meta property=\"article:publisher\" content=\"https:\/\/www.facebook.com\/Escalebleue\" \/>\n<meta property=\"article:author\" content=\"https:\/\/www.facebook.com\/Escalebleue\" \/>\n<meta property=\"article:published_time\" content=\"2014-06-07T02:45:34+00:00\" \/>\n<meta property=\"article:modified_time\" content=\"2026-03-24T16:55:55+00:00\" \/>\n<meta property=\"og:image\" content=\"http:\/\/escale-bleue.fr\/wp-content\/uploads\/2016\/05\/Vanille-Bleue-affinage.jpg\" \/>\n<meta name=\"author\" content=\"Nicole Leichnig\" \/>\n<meta name=\"twitter:card\" content=\"summary_large_image\" \/>\n<meta name=\"twitter:creator\" content=\"@EscaleBleue\" \/>\n<meta name=\"twitter:site\" content=\"@EscaleBleue\" \/>\n<meta name=\"twitter:label1\" content=\"Written by\" \/>\n\t<meta name=\"twitter:data1\" content=\"Nicole Leichnig\" \/>\n\t<meta name=\"twitter:label2\" content=\"Est. reading time\" \/>\n\t<meta name=\"twitter:data2\" content=\"7 minutes\" \/>\n<script type=\"application\/ld+json\" class=\"yoast-schema-graph\">{\"@context\":\"https:\\\/\\\/schema.org\",\"@graph\":[{\"@type\":\"Article\",\"@id\":\"https:\\\/\\\/escale-bleue.fr\\\/en\\\/2014\\\/06\\\/07\\\/la-plus-belle-region-de-france-la-reunion\\\/#article\",\"isPartOf\":{\"@id\":\"https:\\\/\\\/escale-bleue.fr\\\/en\\\/2014\\\/06\\\/07\\\/la-plus-belle-region-de-france-la-reunion\\\/\"},\"author\":{\"name\":\"Nicole Leichnig\",\"@id\":\"https:\\\/\\\/escale-bleue.fr\\\/en\\\/#\\\/schema\\\/person\\\/1f70b901d3638943e7b936ac6ddf7ace\"},\"headline\":\"M6 La Plus Belle R\u00e9gion de France : La R\u00e9union\",\"datePublished\":\"2014-06-07T02:45:34+00:00\",\"dateModified\":\"2026-03-24T16:55:55+00:00\",\"mainEntityOfPage\":{\"@id\":\"https:\\\/\\\/escale-bleue.fr\\\/en\\\/2014\\\/06\\\/07\\\/la-plus-belle-region-de-france-la-reunion\\\/\"},\"wordCount\":1326,\"commentCount\":0,\"publisher\":{\"@id\":\"https:\\\/\\\/escale-bleue.fr\\\/en\\\/#organization\"},\"image\":{\"@id\":\"https:\\\/\\\/escale-bleue.fr\\\/en\\\/2014\\\/06\\\/07\\\/la-plus-belle-region-de-france-la-reunion\\\/#primaryimage\"},\"thumbnailUrl\":\"https:\\\/\\\/escale-bleue.fr\\\/wp-content\\\/uploads\\\/2014\\\/06\\\/plus-belle-region-de-france-featured-2.jpg\",\"keywords\":[\"aim\u00e9 leichnig\",\"bleue\",\"christian etchebest\",\"escale\",\"M6\",\"plus belle r\u00e9gion de france\",\"r\u00e9union\",\"saint-philippe\",\"vanille\"],\"articleSection\":[\"Articles\"],\"inLanguage\":\"en-US\",\"potentialAction\":[{\"@type\":\"CommentAction\",\"name\":\"Comment\",\"target\":[\"https:\\\/\\\/escale-bleue.fr\\\/en\\\/2014\\\/06\\\/07\\\/la-plus-belle-region-de-france-la-reunion\\\/#respond\"]}]},{\"@type\":\"WebPage\",\"@id\":\"https:\\\/\\\/escale-bleue.fr\\\/en\\\/2014\\\/06\\\/07\\\/la-plus-belle-region-de-france-la-reunion\\\/\",\"url\":\"https:\\\/\\\/escale-bleue.fr\\\/en\\\/2014\\\/06\\\/07\\\/la-plus-belle-region-de-france-la-reunion\\\/\",\"name\":\"M6 La Plus Belle R\u00e9gion de France : La R\u00e9union &#8211; Escale Bleue - Atelier Vanille\",\"isPartOf\":{\"@id\":\"https:\\\/\\\/escale-bleue.fr\\\/en\\\/#website\"},\"primaryImageOfPage\":{\"@id\":\"https:\\\/\\\/escale-bleue.fr\\\/en\\\/2014\\\/06\\\/07\\\/la-plus-belle-region-de-france-la-reunion\\\/#primaryimage\"},\"image\":{\"@id\":\"https:\\\/\\\/escale-bleue.fr\\\/en\\\/2014\\\/06\\\/07\\\/la-plus-belle-region-de-france-la-reunion\\\/#primaryimage\"},\"thumbnailUrl\":\"https:\\\/\\\/escale-bleue.fr\\\/wp-content\\\/uploads\\\/2014\\\/06\\\/plus-belle-region-de-france-featured-2.jpg\",\"datePublished\":\"2014-06-07T02:45:34+00:00\",\"dateModified\":\"2026-03-24T16:55:55+00:00\",\"breadcrumb\":{\"@id\":\"https:\\\/\\\/escale-bleue.fr\\\/en\\\/2014\\\/06\\\/07\\\/la-plus-belle-region-de-france-la-reunion\\\/#breadcrumb\"},\"inLanguage\":\"en-US\",\"potentialAction\":[{\"@type\":\"ReadAction\",\"target\":[\"https:\\\/\\\/escale-bleue.fr\\\/en\\\/2014\\\/06\\\/07\\\/la-plus-belle-region-de-france-la-reunion\\\/\"]}]},{\"@type\":\"ImageObject\",\"inLanguage\":\"en-US\",\"@id\":\"https:\\\/\\\/escale-bleue.fr\\\/en\\\/2014\\\/06\\\/07\\\/la-plus-belle-region-de-france-la-reunion\\\/#primaryimage\",\"url\":\"https:\\\/\\\/escale-bleue.fr\\\/wp-content\\\/uploads\\\/2014\\\/06\\\/plus-belle-region-de-france-featured-2.jpg\",\"contentUrl\":\"https:\\\/\\\/escale-bleue.fr\\\/wp-content\\\/uploads\\\/2014\\\/06\\\/plus-belle-region-de-france-featured-2.jpg\",\"width\":373,\"height\":222},{\"@type\":\"BreadcrumbList\",\"@id\":\"https:\\\/\\\/escale-bleue.fr\\\/en\\\/2014\\\/06\\\/07\\\/la-plus-belle-region-de-france-la-reunion\\\/#breadcrumb\",\"itemListElement\":[{\"@type\":\"ListItem\",\"position\":1,\"name\":\"Accueil\",\"item\":\"https:\\\/\\\/escale-bleue.fr\\\/en\\\/\"},{\"@type\":\"ListItem\",\"position\":2,\"name\":\"M6 La Plus Belle R\u00e9gion de France : La R\u00e9union\"}]},{\"@type\":\"WebSite\",\"@id\":\"https:\\\/\\\/escale-bleue.fr\\\/en\\\/#website\",\"url\":\"https:\\\/\\\/escale-bleue.fr\\\/en\\\/\",\"name\":\"Escale Bleue - Atelier Vanille \u00e0 la R\u00e9union\",\"description\":\"\",\"publisher\":{\"@id\":\"https:\\\/\\\/escale-bleue.fr\\\/en\\\/#organization\"},\"potentialAction\":[{\"@type\":\"SearchAction\",\"target\":{\"@type\":\"EntryPoint\",\"urlTemplate\":\"https:\\\/\\\/escale-bleue.fr\\\/en\\\/?s={search_term_string}\"},\"query-input\":{\"@type\":\"PropertyValueSpecification\",\"valueRequired\":true,\"valueName\":\"search_term_string\"}}],\"inLanguage\":\"en-US\"},{\"@type\":\"Organization\",\"@id\":\"https:\\\/\\\/escale-bleue.fr\\\/en\\\/#organization\",\"name\":\"Escale Bleue - Atelier Vanille R\u00e9union\",\"url\":\"https:\\\/\\\/escale-bleue.fr\\\/en\\\/\",\"logo\":{\"@type\":\"ImageObject\",\"inLanguage\":\"en-US\",\"@id\":\"https:\\\/\\\/escale-bleue.fr\\\/en\\\/#\\\/schema\\\/logo\\\/image\\\/\",\"url\":\"https:\\\/\\\/escale-bleue.fr\\\/wp-content\\\/uploads\\\/2026\\\/02\\\/logo_escale_bleue_b9afa1.png\",\"contentUrl\":\"https:\\\/\\\/escale-bleue.fr\\\/wp-content\\\/uploads\\\/2026\\\/02\\\/logo_escale_bleue_b9afa1.png\",\"width\":400,\"height\":218,\"caption\":\"Escale Bleue - Atelier Vanille R\u00e9union\"},\"image\":{\"@id\":\"https:\\\/\\\/escale-bleue.fr\\\/en\\\/#\\\/schema\\\/logo\\\/image\\\/\"},\"sameAs\":[\"https:\\\/\\\/www.facebook.com\\\/Escalebleue\",\"https:\\\/\\\/x.com\\\/EscaleBleue\",\"https:\\\/\\\/www.instagram.com\\\/escalebleue\\\/\"]},{\"@type\":\"Person\",\"@id\":\"https:\\\/\\\/escale-bleue.fr\\\/en\\\/#\\\/schema\\\/person\\\/1f70b901d3638943e7b936ac6ddf7ace\",\"name\":\"Nicole Leichnig\",\"image\":{\"@type\":\"ImageObject\",\"inLanguage\":\"en-US\",\"@id\":\"https:\\\/\\\/secure.gravatar.com\\\/avatar\\\/15a0db87cde0573ac8ec5d40671a1ec96c5218edceb4dc06eed820d664a8d63e?s=96&d=mm&r=g\",\"url\":\"https:\\\/\\\/secure.gravatar.com\\\/avatar\\\/15a0db87cde0573ac8ec5d40671a1ec96c5218edceb4dc06eed820d664a8d63e?s=96&d=mm&r=g\",\"contentUrl\":\"https:\\\/\\\/secure.gravatar.com\\\/avatar\\\/15a0db87cde0573ac8ec5d40671a1ec96c5218edceb4dc06eed820d664a8d63e?s=96&d=mm&r=g\",\"caption\":\"Nicole Leichnig\"},\"description\":\"Nicole Leichnig est co-fondatrice d'Escale Bleue et cr\u00e9atrice de la Vanille Bleue, la premi\u00e8re gousse de vanille brevet\u00e9e au monde. Depuis 1986, elle produit et affine la vanille \u00e0 Saint-Philippe, La R\u00e9union. Son proc\u00e9d\u00e9 d'affinage exclusif rend la gousse 100% comestible et d'une qualit\u00e9 aromatique rare \u2014 une innovation r\u00e9compens\u00e9e par le Diamond Taste Award 2024, la plus haute distinction de l'International Taste Institute, apr\u00e8s une d\u00e9cennie de notes maximales d\u00e9cern\u00e9es par 120 chefs \u00e9toil\u00e9s. Disciple d'Escoffier (2014) et Toque Fran\u00e7aise (2020), Nicole transmet son savoir-faire \u00e0 travers des visites guid\u00e9es et l'accueil de chercheurs sur la biodiversit\u00e9 du Sud Sauvage.\",\"sameAs\":[\"https:\\\/\\\/escale-bleue.fr\",\"https:\\\/\\\/www.facebook.com\\\/Escalebleue\",\"https:\\\/\\\/www.instagram.com\\\/escalebleue\\\/\"],\"gender\":\"femme\",\"knowsAbout\":[\"Affinage de vanille\",\"Vanille Bleue\",\"Vanille de La R\u00e9union\",\"Gastronomie\"],\"knowsLanguage\":[\"Fran\u00e7ais\",\"Anglais\"],\"jobTitle\":\"Co-fondatrice et affineuse de vanille\",\"worksFor\":\"Escale Bleue\",\"url\":\"https:\\\/\\\/escale-bleue.fr\\\/en\\\/author\\\/nicole-leichnig\\\/\"}]}<\/script>\n<!-- \/ Yoast SEO Premium plugin. -->","yoast_head_json":{"title":"M6 La Plus Belle R\u00e9gion de France : La R\u00e9union &#8211; Escale Bleue - Atelier Vanille","robots":{"index":"index","follow":"follow","max-snippet":"max-snippet:-1","max-image-preview":"max-image-preview:large","max-video-preview":"max-video-preview:-1"},"canonical":"https:\/\/escale-bleue.fr\/en\/2014\/06\/07\/la-plus-belle-region-de-france-la-reunion\/","og_locale":"en_US","og_type":"article","og_title":"M6 La Plus Belle R\u00e9gion de France : La R\u00e9union","og_description":"Le 5 juin 2014 a eu lieu l\u2019\u00e9pisode de \u201cLa Plus Belle R\u00e9gion de France\u201d sur la R\u00e9union sur M6. Escale Bleue a eu le plaisir de faire d\u00e9couvrir aux t\u00e9l\u00e9spectateurs l\u2019une des \u00e9pices les plus douces et les plus appr\u00e9ci\u00e9es du monde : la vanille. Mais pas n\u2019importe laquelle ! Retour sur l\u2019\u00e9mission et sur ce qui a \u00e9t\u00e9 dit de la Vanille Bleue.","og_url":"https:\/\/escale-bleue.fr\/en\/2014\/06\/07\/la-plus-belle-region-de-france-la-reunion\/","og_site_name":"Escale Bleue - Atelier Vanille","article_publisher":"https:\/\/www.facebook.com\/Escalebleue","article_author":"https:\/\/www.facebook.com\/Escalebleue","article_published_time":"2014-06-07T02:45:34+00:00","article_modified_time":"2026-03-24T16:55:55+00:00","og_image":[{"url":"http:\/\/escale-bleue.fr\/wp-content\/uploads\/2016\/05\/Vanille-Bleue-affinage.jpg","type":"","width":"","height":""}],"author":"Nicole Leichnig","twitter_card":"summary_large_image","twitter_creator":"@EscaleBleue","twitter_site":"@EscaleBleue","twitter_misc":{"Written by":"Nicole Leichnig","Est. reading time":"7 minutes"},"schema":{"@context":"https:\/\/schema.org","@graph":[{"@type":"Article","@id":"https:\/\/escale-bleue.fr\/en\/2014\/06\/07\/la-plus-belle-region-de-france-la-reunion\/#article","isPartOf":{"@id":"https:\/\/escale-bleue.fr\/en\/2014\/06\/07\/la-plus-belle-region-de-france-la-reunion\/"},"author":{"name":"Nicole Leichnig","@id":"https:\/\/escale-bleue.fr\/en\/#\/schema\/person\/1f70b901d3638943e7b936ac6ddf7ace"},"headline":"M6 La Plus Belle R\u00e9gion de France : La R\u00e9union","datePublished":"2014-06-07T02:45:34+00:00","dateModified":"2026-03-24T16:55:55+00:00","mainEntityOfPage":{"@id":"https:\/\/escale-bleue.fr\/en\/2014\/06\/07\/la-plus-belle-region-de-france-la-reunion\/"},"wordCount":1326,"commentCount":0,"publisher":{"@id":"https:\/\/escale-bleue.fr\/en\/#organization"},"image":{"@id":"https:\/\/escale-bleue.fr\/en\/2014\/06\/07\/la-plus-belle-region-de-france-la-reunion\/#primaryimage"},"thumbnailUrl":"https:\/\/escale-bleue.fr\/wp-content\/uploads\/2014\/06\/plus-belle-region-de-france-featured-2.jpg","keywords":["aim\u00e9 leichnig","bleue","christian etchebest","escale","M6","plus belle r\u00e9gion de france","r\u00e9union","saint-philippe","vanille"],"articleSection":["Articles"],"inLanguage":"en-US","potentialAction":[{"@type":"CommentAction","name":"Comment","target":["https:\/\/escale-bleue.fr\/en\/2014\/06\/07\/la-plus-belle-region-de-france-la-reunion\/#respond"]}]},{"@type":"WebPage","@id":"https:\/\/escale-bleue.fr\/en\/2014\/06\/07\/la-plus-belle-region-de-france-la-reunion\/","url":"https:\/\/escale-bleue.fr\/en\/2014\/06\/07\/la-plus-belle-region-de-france-la-reunion\/","name":"M6 La Plus Belle R\u00e9gion de France : La R\u00e9union &#8211; Escale Bleue - Atelier Vanille","isPartOf":{"@id":"https:\/\/escale-bleue.fr\/en\/#website"},"primaryImageOfPage":{"@id":"https:\/\/escale-bleue.fr\/en\/2014\/06\/07\/la-plus-belle-region-de-france-la-reunion\/#primaryimage"},"image":{"@id":"https:\/\/escale-bleue.fr\/en\/2014\/06\/07\/la-plus-belle-region-de-france-la-reunion\/#primaryimage"},"thumbnailUrl":"https:\/\/escale-bleue.fr\/wp-content\/uploads\/2014\/06\/plus-belle-region-de-france-featured-2.jpg","datePublished":"2014-06-07T02:45:34+00:00","dateModified":"2026-03-24T16:55:55+00:00","breadcrumb":{"@id":"https:\/\/escale-bleue.fr\/en\/2014\/06\/07\/la-plus-belle-region-de-france-la-reunion\/#breadcrumb"},"inLanguage":"en-US","potentialAction":[{"@type":"ReadAction","target":["https:\/\/escale-bleue.fr\/en\/2014\/06\/07\/la-plus-belle-region-de-france-la-reunion\/"]}]},{"@type":"ImageObject","inLanguage":"en-US","@id":"https:\/\/escale-bleue.fr\/en\/2014\/06\/07\/la-plus-belle-region-de-france-la-reunion\/#primaryimage","url":"https:\/\/escale-bleue.fr\/wp-content\/uploads\/2014\/06\/plus-belle-region-de-france-featured-2.jpg","contentUrl":"https:\/\/escale-bleue.fr\/wp-content\/uploads\/2014\/06\/plus-belle-region-de-france-featured-2.jpg","width":373,"height":222},{"@type":"BreadcrumbList","@id":"https:\/\/escale-bleue.fr\/en\/2014\/06\/07\/la-plus-belle-region-de-france-la-reunion\/#breadcrumb","itemListElement":[{"@type":"ListItem","position":1,"name":"Accueil","item":"https:\/\/escale-bleue.fr\/en\/"},{"@type":"ListItem","position":2,"name":"M6 La Plus Belle R\u00e9gion de France : La R\u00e9union"}]},{"@type":"WebSite","@id":"https:\/\/escale-bleue.fr\/en\/#website","url":"https:\/\/escale-bleue.fr\/en\/","name":"Escale Bleue - Atelier Vanille \u00e0 la R\u00e9union","description":"","publisher":{"@id":"https:\/\/escale-bleue.fr\/en\/#organization"},"potentialAction":[{"@type":"SearchAction","target":{"@type":"EntryPoint","urlTemplate":"https:\/\/escale-bleue.fr\/en\/?s={search_term_string}"},"query-input":{"@type":"PropertyValueSpecification","valueRequired":true,"valueName":"search_term_string"}}],"inLanguage":"en-US"},{"@type":"Organization","@id":"https:\/\/escale-bleue.fr\/en\/#organization","name":"Escale Bleue - Atelier Vanille R\u00e9union","url":"https:\/\/escale-bleue.fr\/en\/","logo":{"@type":"ImageObject","inLanguage":"en-US","@id":"https:\/\/escale-bleue.fr\/en\/#\/schema\/logo\/image\/","url":"https:\/\/escale-bleue.fr\/wp-content\/uploads\/2026\/02\/logo_escale_bleue_b9afa1.png","contentUrl":"https:\/\/escale-bleue.fr\/wp-content\/uploads\/2026\/02\/logo_escale_bleue_b9afa1.png","width":400,"height":218,"caption":"Escale Bleue - Atelier Vanille R\u00e9union"},"image":{"@id":"https:\/\/escale-bleue.fr\/en\/#\/schema\/logo\/image\/"},"sameAs":["https:\/\/www.facebook.com\/Escalebleue","https:\/\/x.com\/EscaleBleue","https:\/\/www.instagram.com\/escalebleue\/"]},{"@type":"Person","@id":"https:\/\/escale-bleue.fr\/en\/#\/schema\/person\/1f70b901d3638943e7b936ac6ddf7ace","name":"Nicole Leichnig","image":{"@type":"ImageObject","inLanguage":"en-US","@id":"https:\/\/secure.gravatar.com\/avatar\/15a0db87cde0573ac8ec5d40671a1ec96c5218edceb4dc06eed820d664a8d63e?s=96&d=mm&r=g","url":"https:\/\/secure.gravatar.com\/avatar\/15a0db87cde0573ac8ec5d40671a1ec96c5218edceb4dc06eed820d664a8d63e?s=96&d=mm&r=g","contentUrl":"https:\/\/secure.gravatar.com\/avatar\/15a0db87cde0573ac8ec5d40671a1ec96c5218edceb4dc06eed820d664a8d63e?s=96&d=mm&r=g","caption":"Nicole Leichnig"},"description":"Nicole Leichnig est co-fondatrice d'Escale Bleue et cr\u00e9atrice de la Vanille Bleue, la premi\u00e8re gousse de vanille brevet\u00e9e au monde. Depuis 1986, elle produit et affine la vanille \u00e0 Saint-Philippe, La R\u00e9union. Son proc\u00e9d\u00e9 d'affinage exclusif rend la gousse 100% comestible et d'une qualit\u00e9 aromatique rare \u2014 une innovation r\u00e9compens\u00e9e par le Diamond Taste Award 2024, la plus haute distinction de l'International Taste Institute, apr\u00e8s une d\u00e9cennie de notes maximales d\u00e9cern\u00e9es par 120 chefs \u00e9toil\u00e9s. Disciple d'Escoffier (2014) et Toque Fran\u00e7aise (2020), Nicole transmet son savoir-faire \u00e0 travers des visites guid\u00e9es et l'accueil de chercheurs sur la biodiversit\u00e9 du Sud Sauvage.","sameAs":["https:\/\/escale-bleue.fr","https:\/\/www.facebook.com\/Escalebleue","https:\/\/www.instagram.com\/escalebleue\/"],"gender":"femme","knowsAbout":["Affinage de vanille","Vanille Bleue","Vanille de La R\u00e9union","Gastronomie"],"knowsLanguage":["Fran\u00e7ais","Anglais"],"jobTitle":"Co-fondatrice et affineuse de vanille","worksFor":"Escale Bleue","url":"https:\/\/escale-bleue.fr\/en\/author\/nicole-leichnig\/"}]}},"_links":{"self":[{"href":"https:\/\/escale-bleue.fr\/en\/wp-json\/wp\/v2\/posts\/3360","targetHints":{"allow":["GET"]}}],"collection":[{"href":"https:\/\/escale-bleue.fr\/en\/wp-json\/wp\/v2\/posts"}],"about":[{"href":"https:\/\/escale-bleue.fr\/en\/wp-json\/wp\/v2\/types\/post"}],"author":[{"embeddable":true,"href":"https:\/\/escale-bleue.fr\/en\/wp-json\/wp\/v2\/users\/10"}],"replies":[{"embeddable":true,"href":"https:\/\/escale-bleue.fr\/en\/wp-json\/wp\/v2\/comments?post=3360"}],"version-history":[{"count":2,"href":"https:\/\/escale-bleue.fr\/en\/wp-json\/wp\/v2\/posts\/3360\/revisions"}],"predecessor-version":[{"id":24902,"href":"https:\/\/escale-bleue.fr\/en\/wp-json\/wp\/v2\/posts\/3360\/revisions\/24902"}],"wp:featuredmedia":[{"embeddable":true,"href":"https:\/\/escale-bleue.fr\/en\/wp-json\/wp\/v2\/media\/24904"}],"wp:attachment":[{"href":"https:\/\/escale-bleue.fr\/en\/wp-json\/wp\/v2\/media?parent=3360"}],"wp:term":[{"taxonomy":"category","embeddable":true,"href":"https:\/\/escale-bleue.fr\/en\/wp-json\/wp\/v2\/categories?post=3360"},{"taxonomy":"post_tag","embeddable":true,"href":"https:\/\/escale-bleue.fr\/en\/wp-json\/wp\/v2\/tags?post=3360"}],"curies":[{"name":"wp","href":"https:\/\/api.w.org\/{rel}","templated":true}]}}